{"id":35969,"date":"2012-06-26T14:00:53","date_gmt":"2012-06-26T17:00:53","guid":{"rendered":"http:\/\/www.agrund.com\/?p=35969"},"modified":"2012-06-26T14:00:53","modified_gmt":"2012-06-26T17:00:53","slug":"exposicao-co-criacao-no-muba","status":"publish","type":"post","link":"https:\/\/agrund.com\/index.php\/exposicao-co-criacao-no-muba\/","title":{"rendered":"Exposi\u00e7\u00e3o &#8220;Co-Cria\u00e7\u00e3o&#8221; no muBA"},"content":{"rendered":"<div>O\u00a0Brazil Fashion Cruise (BFC)\u00a0e o curso de\u00a0Design de Moda do Centro Universit\u00e1rio Belas Artes de S\u00e3o Paulo\u00a0apresentam a exposi\u00e7\u00e3o &#8220;<strong>Co-Cria\u00e7\u00e3o&#8221;<\/strong>, com obras assinadas pela artista Catarina Gushiken, al\u00e9m do resultado de performances de\u00a0<em>live paintings<\/em><em>\u00a0<\/em>que ocorreram durante o evento em alto mar<em>.<\/em>\u00a0Na ter\u00e7a- feira, 26, das 18h \u00e0s 22h, a abertura da exposi\u00e7\u00e3o reunir\u00e1 os artistas, estilistas e demais profissionais que participaram da quarta edi\u00e7\u00e3o do cruzeiro de moda, al\u00e9m de atrair alunos dos cursos do n\u00facleo de design da institui\u00e7\u00e3o e outros convidados, no Museu Belas Artes de S\u00e3o Paulo (muBA).\u00a0 A \u00a0entrada \u00a0\u00e9 franca.<\/div>\n<div>\n<div id=\"attachment_35972\" style=\"width: 460px\" class=\"wp-caption aligncenter\"><a class=\"lightbox\" title=\"Exposi\u00e7\u00e3o \" href=\"https:\/\/i0.wp.com\/www.agrund.com\/wp-content\/uploads\/2012\/06\/foto_3566_CAU_00931.jpg\"><img aria-describedby=\"caption-attachment-35972\" decoding=\"async\" loading=\"lazy\" class=\"size-full wp-image-35972\" title=\"Exposi\u00e7\u00e3o &quot;Co-Cria\u00e7\u00e3o&quot; no muBA\" src=\"https:\/\/i0.wp.com\/www.agrund.com\/wp-content\/uploads\/2012\/06\/foto_3566_CAU_00931.jpg?resize=450%2C285\" alt=\"Exposi\u00e7\u00e3o &quot;Co-Cria\u00e7\u00e3o&quot; no muBA\" width=\"450\" height=\"285\" data-recalc-dims=\"1\" \/><\/a><p id=\"caption-attachment-35972\" class=\"wp-caption-text\">Exposi\u00e7\u00e3o &quot;Co-Cria\u00e7\u00e3o&quot; no muBA<\/p><\/div>\n<div id=\"attachment_35971\" style=\"width: 460px\" class=\"wp-caption aligncenter\"><a class=\"lightbox\" title=\"Exposi\u00e7\u00e3o \" href=\"https:\/\/i0.wp.com\/www.agrund.com\/wp-content\/uploads\/2012\/06\/foto_3564_CAU_0090.jpg\"><img aria-describedby=\"caption-attachment-35971\" decoding=\"async\" loading=\"lazy\" class=\"size-full wp-image-35971\" title=\"Exposi\u00e7\u00e3o &quot;Co-Cria\u00e7\u00e3o&quot; no muBA\" src=\"https:\/\/i0.wp.com\/www.agrund.com\/wp-content\/uploads\/2012\/06\/foto_3564_CAU_0090.jpg?resize=450%2C287\" alt=\"Exposi\u00e7\u00e3o &quot;Co-Cria\u00e7\u00e3o&quot; no muBA\" width=\"450\" height=\"287\" data-recalc-dims=\"1\" \/><\/a><p id=\"caption-attachment-35971\" class=\"wp-caption-text\">Exposi\u00e7\u00e3o &quot;Co-Cria\u00e7\u00e3o&quot; no muBA<\/p><\/div>\n<div id=\"attachment_35970\" style=\"width: 460px\" class=\"wp-caption aligncenter\"><a class=\"lightbox\" title=\"Exposi\u00e7\u00e3o \" href=\"https:\/\/i0.wp.com\/www.agrund.com\/wp-content\/uploads\/2012\/06\/foto_3563_CAU_0163.jpg\"><img aria-describedby=\"caption-attachment-35970\" decoding=\"async\" loading=\"lazy\" class=\"size-full wp-image-35970\" title=\"Exposi\u00e7\u00e3o &quot;Co-Cria\u00e7\u00e3o&quot; no muBA\" src=\"https:\/\/i0.wp.com\/www.agrund.com\/wp-content\/uploads\/2012\/06\/foto_3563_CAU_0163.jpg?resize=450%2C283\" alt=\"Exposi\u00e7\u00e3o &quot;Co-Cria\u00e7\u00e3o&quot; no muBA\" width=\"450\" height=\"283\" data-recalc-dims=\"1\" \/><\/a><p id=\"caption-attachment-35970\" class=\"wp-caption-text\">Exposi\u00e7\u00e3o &quot;Co-Cria\u00e7\u00e3o&quot; no muBA<\/p><\/div>\n<\/div>\n<div><\/div>\n<div>Fotos por Reprodu\u00e7\u00e3o.<\/div>\n","protected":false},"excerpt":{"rendered":"<p>O\u00a0Brazil Fashion Cruise (BFC)\u00a0e o curso de\u00a0Design de Moda do Centro Universit\u00e1rio Belas Artes de S\u00e3o Paulo\u00a0apresentam a exposi\u00e7\u00e3o &#8220;Co-Cria\u00e7\u00e3o&#8221;, com obras assinadas pela artista Catarina Gushiken, al\u00e9m do resultado de performances de\u00a0live paintings\u00a0que ocorreram durante o evento em alto mar.\u00a0Na ter\u00e7a- feira, 26, das 18h \u00e0s 22h, a abertura da exposi\u00e7\u00e3o reunir\u00e1 os artistas, [&hellip;]<\/p>\n","protected":false},"author":8,"featured_media":35973,"comment_status":"open","ping_status":"open","sticky":false,"template":"","format":"standard","meta":{"jetpack_post_was_ever_published":false,"_jetpack_newsletter_access":"","jetpack_publicize_message":"","jetpack_is_tweetstorm":false,"jetpack_publicize_feature_enabled":true,"jetpack_social_post_already_shared":false,"jetpack_social_options":{"image_generator_settings":{"template":"highway","enabled":false}}},"categories":[2],"tags":[],"jetpack_publicize_connections":[],"jetpack_featured_media_url":"","jetpack_sharing_enabled":true,"jetpack_shortlink":"https:\/\/wp.me\/p3Hz0n-9m9","jetpack_likes_enabled":true,"_links":{"self":[{"href":"https:\/\/agrund.com\/index.php\/wp-json\/wp\/v2\/posts\/35969"}],"collection":[{"href":"https:\/\/agrund.com\/index.php\/wp-json\/wp\/v2\/posts"}],"about":[{"href":"https:\/\/agrund.com\/index.php\/wp-json\/wp\/v2\/types\/post"}],"author":[{"embeddable":true,"href":"https:\/\/agrund.com\/index.php\/wp-json\/wp\/v2\/users\/8"}],"replies":[{"embeddable":true,"href":"https:\/\/agrund.com\/index.php\/wp-json\/wp\/v2\/comments?post=35969"}],"version-history":[{"count":0,"href":"https:\/\/agrund.com\/index.php\/wp-json\/wp\/v2\/posts\/35969\/revisions"}],"wp:featuredmedia":[{"embeddable":true,"href":"https:\/\/agrund.com\/index.php\/wp-json\/"}],"wp:attachment":[{"href":"https:\/\/agrund.com\/index.php\/wp-json\/wp\/v2\/media?parent=35969"}],"wp:term":[{"taxonomy":"category","embeddable":true,"href":"https:\/\/agrund.com\/index.php\/wp-json\/wp\/v2\/categories?post=35969"},{"taxonomy":"post_tag","embeddable":true,"href":"https:\/\/agrund.com\/index.php\/wp-json\/wp\/v2\/tags?post=35969"}],"curies":[{"name":"wp","href":"https:\/\/api.w.org\/{rel}","templated":true}]}}