{"id":35773,"date":"2012-06-25T16:54:10","date_gmt":"2012-06-25T19:54:10","guid":{"rendered":"http:\/\/www.agrund.com\/?p=35773"},"modified":"2012-06-25T16:54:10","modified_gmt":"2012-06-25T19:54:10","slug":"semana-de-moda-masculina-verao-2013-bottega-veneta","status":"publish","type":"post","link":"https:\/\/agrund.com\/index.php\/semana-de-moda-masculina-verao-2013-bottega-veneta\/","title":{"rendered":"Semana de Moda Masculina Ver\u00e3o 2013 Bottega Veneta"},"content":{"rendered":"<p>Bottega Veneta apresentou uma cole\u00e7\u00e3o gostosa de ver e usar , com looks calmos, despretensiosos e elegantes. Adorei a calmaria da palheta de cores, com tons terrosos que se refrescam nas estampas liberty claras. As formas desestruturadas arrematam todo esse conforto. Amei!<\/p>\n<div id=\"attachment_35774\" style=\"width: 460px\" class=\"wp-caption aligncenter\"><a class=\"lightbox\" title=\"Semana de Moda Masculina Ver\u00e3o 2013 Bottega Veneta\" href=\"https:\/\/i0.wp.com\/www.agrund.com\/wp-content\/uploads\/2012\/06\/bottega1_0.jpg\"><img aria-describedby=\"caption-attachment-35774\" decoding=\"async\" loading=\"lazy\" class=\"size-full wp-image-35774\" title=\"Semana de Moda Masculina Ver\u00e3o 2013 Bottega Veneta\" src=\"https:\/\/i0.wp.com\/www.agrund.com\/wp-content\/uploads\/2012\/06\/bottega1_0.jpg?resize=450%2C674\" alt=\"Semana de Moda Masculina Ver\u00e3o 2013 Bottega Veneta\" width=\"450\" height=\"674\" data-recalc-dims=\"1\" \/><\/a><p id=\"caption-attachment-35774\" class=\"wp-caption-text\">Semana de Moda Masculina Ver\u00e3o 2013 Bottega Veneta<\/p><\/div>\n<div id=\"attachment_35775\" style=\"width: 460px\" class=\"wp-caption aligncenter\"><a class=\"lightbox\" title=\"Semana de Moda Masculina Ver\u00e3o 2013 Bottega Veneta\" href=\"https:\/\/i0.wp.com\/www.agrund.com\/wp-content\/uploads\/2012\/06\/bottega4.jpg\"><img aria-describedby=\"caption-attachment-35775\" decoding=\"async\" loading=\"lazy\" class=\"size-full wp-image-35775\" title=\"Semana de Moda Masculina Ver\u00e3o 2013 Bottega Veneta\" src=\"https:\/\/i0.wp.com\/www.agrund.com\/wp-content\/uploads\/2012\/06\/bottega4.jpg?resize=450%2C674\" alt=\"Semana de Moda Masculina Ver\u00e3o 2013 Bottega Veneta\" width=\"450\" height=\"674\" data-recalc-dims=\"1\" \/><\/a><p id=\"caption-attachment-35775\" class=\"wp-caption-text\">Semana de Moda Masculina Ver\u00e3o 2013 Bottega Veneta<\/p><\/div>\n<div id=\"attachment_35776\" style=\"width: 460px\" class=\"wp-caption aligncenter\"><a class=\"lightbox\" title=\"Semana de Moda Masculina Ver\u00e3o 2013 Bottega Veneta\" href=\"https:\/\/i0.wp.com\/www.agrund.com\/wp-content\/uploads\/2012\/06\/bottega6.jpg\"><img aria-describedby=\"caption-attachment-35776\" decoding=\"async\" loading=\"lazy\" class=\"size-full wp-image-35776\" title=\"Semana de Moda Masculina Ver\u00e3o 2013 Bottega Veneta\" src=\"https:\/\/i0.wp.com\/www.agrund.com\/wp-content\/uploads\/2012\/06\/bottega6.jpg?resize=450%2C674\" alt=\"Semana de Moda Masculina Ver\u00e3o 2013 Bottega Veneta\" width=\"450\" height=\"674\" data-recalc-dims=\"1\" \/><\/a><p id=\"caption-attachment-35776\" class=\"wp-caption-text\">Semana de Moda Masculina Ver\u00e3o 2013 Bottega Veneta<\/p><\/div>\n<div id=\"attachment_35778\" style=\"width: 460px\" class=\"wp-caption aligncenter\"><a class=\"lightbox\" title=\"Semana de Moda Masculina Ver\u00e3o 2013 Bottega Veneta\" href=\"https:\/\/i0.wp.com\/www.agrund.com\/wp-content\/uploads\/2012\/06\/bottega9.jpg\"><img aria-describedby=\"caption-attachment-35778\" decoding=\"async\" loading=\"lazy\" class=\"size-full wp-image-35778\" title=\"Semana de Moda Masculina Ver\u00e3o 2013 Bottega Veneta\" src=\"https:\/\/i0.wp.com\/www.agrund.com\/wp-content\/uploads\/2012\/06\/bottega9.jpg?resize=450%2C674\" alt=\"Semana de Moda Masculina Ver\u00e3o 2013 Bottega Veneta\" width=\"450\" height=\"674\" data-recalc-dims=\"1\" \/><\/a><p id=\"caption-attachment-35778\" class=\"wp-caption-text\">Semana de Moda Masculina Ver\u00e3o 2013 Bottega Veneta<\/p><\/div>\n<div id=\"attachment_35779\" style=\"width: 460px\" class=\"wp-caption aligncenter\"><a class=\"lightbox\" title=\"Semana de Moda Masculina Ver\u00e3o 2013 Bottega Veneta\" href=\"https:\/\/i0.wp.com\/www.agrund.com\/wp-content\/uploads\/2012\/06\/bottega10_1.jpg\"><img aria-describedby=\"caption-attachment-35779\" decoding=\"async\" loading=\"lazy\" class=\"size-full wp-image-35779\" title=\"Semana de Moda Masculina Ver\u00e3o 2013 Bottega Veneta\" src=\"https:\/\/i0.wp.com\/www.agrund.com\/wp-content\/uploads\/2012\/06\/bottega10_1.jpg?resize=450%2C674\" alt=\"Semana de Moda Masculina Ver\u00e3o 2013 Bottega Veneta\" width=\"450\" height=\"674\" data-recalc-dims=\"1\" \/><\/a><p id=\"caption-attachment-35779\" class=\"wp-caption-text\">Semana de Moda Masculina Ver\u00e3o 2013 Bottega Veneta<\/p><\/div>\n<div id=\"attachment_35780\" style=\"width: 460px\" class=\"wp-caption aligncenter\"><a class=\"lightbox\" title=\"Semana de Moda Masculina Ver\u00e3o 2013 Bottega Veneta\" href=\"https:\/\/i0.wp.com\/www.agrund.com\/wp-content\/uploads\/2012\/06\/bottega13_0.jpg\"><img aria-describedby=\"caption-attachment-35780\" decoding=\"async\" loading=\"lazy\" class=\"size-full wp-image-35780\" title=\"Semana de Moda Masculina Ver\u00e3o 2013 Bottega Veneta\" src=\"https:\/\/i0.wp.com\/www.agrund.com\/wp-content\/uploads\/2012\/06\/bottega13_0.jpg?resize=450%2C674\" alt=\"Semana de Moda Masculina Ver\u00e3o 2013 Bottega Veneta\" width=\"450\" height=\"674\" data-recalc-dims=\"1\" \/><\/a><p id=\"caption-attachment-35780\" class=\"wp-caption-text\">Semana de Moda Masculina Ver\u00e3o 2013 Bottega Veneta<\/p><\/div>\n<p>&nbsp;<\/p>\n<p>Fotos por Reprodu\u00e7\u00e3o.<\/p>\n","protected":false},"excerpt":{"rendered":"<p>Bottega Veneta apresentou uma cole\u00e7\u00e3o gostosa de ver e usar , com looks calmos, despretensiosos e elegantes. Adorei a calmaria da palheta de cores, com tons terrosos que se refrescam nas estampas liberty claras. As formas desestruturadas arrematam todo esse conforto. Amei! &nbsp; Fotos por Reprodu\u00e7\u00e3o.<\/p>\n","protected":false},"author":8,"featured_media":35781,"comment_status":"open","ping_status":"open","sticky":false,"template":"","format":"standard","meta":{"jetpack_post_was_ever_published":false,"_jetpack_newsletter_access":"","jetpack_publicize_message":"","jetpack_is_tweetstorm":false,"jetpack_publicize_feature_enabled":true,"jetpack_social_post_already_shared":false,"jetpack_social_options":{"image_generator_settings":{"template":"highway","enabled":false}}},"categories":[6],"tags":[],"jetpack_publicize_connections":[],"jetpack_featured_media_url":"","jetpack_sharing_enabled":true,"jetpack_shortlink":"https:\/\/wp.me\/p3Hz0n-9iZ","jetpack_likes_enabled":true,"_links":{"self":[{"href":"https:\/\/agrund.com\/index.php\/wp-json\/wp\/v2\/posts\/35773"}],"collection":[{"href":"https:\/\/agrund.com\/index.php\/wp-json\/wp\/v2\/posts"}],"about":[{"href":"https:\/\/agrund.com\/index.php\/wp-json\/wp\/v2\/types\/post"}],"author":[{"embeddable":true,"href":"https:\/\/agrund.com\/index.php\/wp-json\/wp\/v2\/users\/8"}],"replies":[{"embeddable":true,"href":"https:\/\/agrund.com\/index.php\/wp-json\/wp\/v2\/comments?post=35773"}],"version-history":[{"count":0,"href":"https:\/\/agrund.com\/index.php\/wp-json\/wp\/v2\/posts\/35773\/revisions"}],"wp:featuredmedia":[{"embeddable":true,"href":"https:\/\/agrund.com\/index.php\/wp-json\/"}],"wp:attachment":[{"href":"https:\/\/agrund.com\/index.php\/wp-json\/wp\/v2\/media?parent=35773"}],"wp:term":[{"taxonomy":"category","embeddable":true,"href":"https:\/\/agrund.com\/index.php\/wp-json\/wp\/v2\/categories?post=35773"},{"taxonomy":"post_tag","embeddable":true,"href":"https:\/\/agrund.com\/index.php\/wp-json\/wp\/v2\/tags?post=35773"}],"curies":[{"name":"wp","href":"https:\/\/api.w.org\/{rel}","templated":true}]}}