{"id":35734,"date":"2012-06-25T13:40:29","date_gmt":"2012-06-25T16:40:29","guid":{"rendered":"http:\/\/www.agrund.com\/?p=35734"},"modified":"2012-06-25T13:40:29","modified_gmt":"2012-06-25T16:40:29","slug":"semana-de-moda-de-londres-tendencia-shorts","status":"publish","type":"post","link":"https:\/\/agrund.com\/index.php\/semana-de-moda-de-londres-tendencia-shorts\/","title":{"rendered":"Semana de Moda de Londres \u2013 Tend\u00eancia  Shorts"},"content":{"rendered":"<p>Semana passada terminou a Semana de Moda de Londres, e resolvi pegar uma das tend\u00eancias forte que apareceram por l\u00e1, os shorts!Para os \u201ccuecas\u201d de plant\u00e3o que acham essa pe\u00e7a esportiva, vamos mudar esse pensamento. Ela agora pode ser usada at\u00e9 mesmo com blazer, camisas sociais, jaquetas com gravatas, e por a\u00ed vai&#8230; Tem para todos os gostos, dos mais curtos e \u201csequinhos\u201d, a os largos e de comprimento m\u00e9dio. Agora, se voc\u00ea quiser aderir \u00e1 essa tend\u00eancia, trate urgentemente de estar em dia com sua academia. Use e abuse!<\/p>\n<div id=\"attachment_35739\" style=\"width: 305px\" class=\"wp-caption aligncenter\"><a class=\"lightbox\" title=\"Semana de Moda de Londres \u2013 Tend\u00eancia  Shorts\" href=\"https:\/\/i0.wp.com\/www.agrund.com\/wp-content\/uploads\/2012\/06\/Londres-Topman.jpg\"><img aria-describedby=\"caption-attachment-35739\" decoding=\"async\" loading=\"lazy\" class=\"size-full wp-image-35739\" title=\"Semana de Moda de Londres \u2013 Tend\u00eancia  Shorts\" src=\"https:\/\/i0.wp.com\/www.agrund.com\/wp-content\/uploads\/2012\/06\/Londres-Topman.jpg?resize=295%2C444\" alt=\" Topman\" width=\"295\" height=\"444\" data-recalc-dims=\"1\" \/><\/a><p id=\"caption-attachment-35739\" class=\"wp-caption-text\">Topman<\/p><\/div>\n<div id=\"attachment_35738\" style=\"width: 305px\" class=\"wp-caption aligncenter\"><a class=\"lightbox\" title=\"Semana de Moda de Londres \u2013 Tend\u00eancia  Shorts\" href=\"https:\/\/i0.wp.com\/www.agrund.com\/wp-content\/uploads\/2012\/06\/londres-Rake.jpg\"><img aria-describedby=\"caption-attachment-35738\" decoding=\"async\" loading=\"lazy\" class=\"size-full wp-image-35738\" title=\"Semana de Moda de Londres \u2013 Tend\u00eancia  Shorts\" src=\"https:\/\/i0.wp.com\/www.agrund.com\/wp-content\/uploads\/2012\/06\/londres-Rake.jpg?resize=295%2C444\" alt=\"Rake\" width=\"295\" height=\"444\" data-recalc-dims=\"1\" \/><\/a><p id=\"caption-attachment-35738\" class=\"wp-caption-text\">Rake<\/p><\/div>\n<div id=\"attachment_35737\" style=\"width: 305px\" class=\"wp-caption aligncenter\"><a class=\"lightbox\" title=\"Semana de Moda de Londres \u2013 Tend\u00eancia  Shorts\" href=\"https:\/\/i0.wp.com\/www.agrund.com\/wp-content\/uploads\/2012\/06\/londres-Pringle-of-Scotland.jpg\"><img aria-describedby=\"caption-attachment-35737\" decoding=\"async\" loading=\"lazy\" class=\"size-full wp-image-35737\" title=\"Semana de Moda de Londres \u2013 Tend\u00eancia  Shorts\" src=\"https:\/\/i0.wp.com\/www.agrund.com\/wp-content\/uploads\/2012\/06\/londres-Pringle-of-Scotland.jpg?resize=295%2C444\" alt=\"Pringle of Scotland\" width=\"295\" height=\"444\" data-recalc-dims=\"1\" \/><\/a><p id=\"caption-attachment-35737\" class=\"wp-caption-text\">Pringle of Scotland<\/p><\/div>\n<div id=\"attachment_35736\" style=\"width: 305px\" class=\"wp-caption aligncenter\"><a class=\"lightbox\" title=\"Semana de Moda de Londres \u2013 Tend\u00eancia  Shorts\" href=\"https:\/\/i0.wp.com\/www.agrund.com\/wp-content\/uploads\/2012\/06\/londres-Omar-Kashoura.jpg\"><img aria-describedby=\"caption-attachment-35736\" decoding=\"async\" loading=\"lazy\" class=\"size-full wp-image-35736\" title=\"Semana de Moda de Londres \u2013 Tend\u00eancia  Shorts\" src=\"https:\/\/i0.wp.com\/www.agrund.com\/wp-content\/uploads\/2012\/06\/londres-Omar-Kashoura.jpg?resize=295%2C444\" alt=\"Omar Kashoura\" width=\"295\" height=\"444\" data-recalc-dims=\"1\" \/><\/a><p id=\"caption-attachment-35736\" class=\"wp-caption-text\">Omar Kashoura<\/p><\/div>\n<div id=\"attachment_35735\" style=\"width: 305px\" class=\"wp-caption aligncenter\"><a class=\"lightbox\" title=\"Semana de Moda de Londres \u2013 Tend\u00eancia  Shorts\" href=\"https:\/\/i0.wp.com\/www.agrund.com\/wp-content\/uploads\/2012\/06\/londres-Lou-Dalton.jpg\"><img aria-describedby=\"caption-attachment-35735\" decoding=\"async\" loading=\"lazy\" class=\"size-full wp-image-35735\" title=\"Semana de Moda de Londres \u2013 Tend\u00eancia  Shorts\" src=\"https:\/\/i0.wp.com\/www.agrund.com\/wp-content\/uploads\/2012\/06\/londres-Lou-Dalton.jpg?resize=295%2C444\" alt=\"Lou Dalton\" width=\"295\" height=\"444\" data-recalc-dims=\"1\" \/><\/a><p id=\"caption-attachment-35735\" class=\"wp-caption-text\">Lou Dalton<\/p><\/div>\n<p>Fotos por Reprodu\u00e7\u00e3o.<\/p>\n","protected":false},"excerpt":{"rendered":"<p>Semana passada terminou a Semana de Moda de Londres, e resolvi pegar uma das tend\u00eancias forte que apareceram por l\u00e1, os shorts!Para os \u201ccuecas\u201d de plant\u00e3o que acham essa pe\u00e7a esportiva, vamos mudar esse pensamento. Ela agora pode ser usada at\u00e9 mesmo com blazer, camisas sociais, jaquetas com gravatas, e por a\u00ed vai&#8230; Tem para [&hellip;]<\/p>\n","protected":false},"author":8,"featured_media":35740,"comment_status":"open","ping_status":"open","sticky":false,"template":"","format":"standard","meta":{"jetpack_post_was_ever_published":false,"_jetpack_newsletter_access":"","jetpack_publicize_message":"","jetpack_is_tweetstorm":false,"jetpack_publicize_feature_enabled":true,"jetpack_social_post_already_shared":false,"jetpack_social_options":{"image_generator_settings":{"template":"highway","enabled":false}}},"categories":[6],"tags":[],"jetpack_publicize_connections":[],"jetpack_featured_media_url":"","jetpack_sharing_enabled":true,"jetpack_shortlink":"https:\/\/wp.me\/p3Hz0n-9im","jetpack_likes_enabled":true,"_links":{"self":[{"href":"https:\/\/agrund.com\/index.php\/wp-json\/wp\/v2\/posts\/35734"}],"collection":[{"href":"https:\/\/agrund.com\/index.php\/wp-json\/wp\/v2\/posts"}],"about":[{"href":"https:\/\/agrund.com\/index.php\/wp-json\/wp\/v2\/types\/post"}],"author":[{"embeddable":true,"href":"https:\/\/agrund.com\/index.php\/wp-json\/wp\/v2\/users\/8"}],"replies":[{"embeddable":true,"href":"https:\/\/agrund.com\/index.php\/wp-json\/wp\/v2\/comments?post=35734"}],"version-history":[{"count":0,"href":"https:\/\/agrund.com\/index.php\/wp-json\/wp\/v2\/posts\/35734\/revisions"}],"wp:featuredmedia":[{"embeddable":true,"href":"https:\/\/agrund.com\/index.php\/wp-json\/"}],"wp:attachment":[{"href":"https:\/\/agrund.com\/index.php\/wp-json\/wp\/v2\/media?parent=35734"}],"wp:term":[{"taxonomy":"category","embeddable":true,"href":"https:\/\/agrund.com\/index.php\/wp-json\/wp\/v2\/categories?post=35734"},{"taxonomy":"post_tag","embeddable":true,"href":"https:\/\/agrund.com\/index.php\/wp-json\/wp\/v2\/tags?post=35734"}],"curies":[{"name":"wp","href":"https:\/\/api.w.org\/{rel}","templated":true}]}}