{"id":35651,"date":"2012-06-25T19:00:35","date_gmt":"2012-06-25T22:00:35","guid":{"rendered":"http:\/\/www.agrund.com\/?p=35651"},"modified":"2012-06-25T19:00:35","modified_gmt":"2012-06-25T22:00:35","slug":"nicole-richie-lanca-perfume","status":"publish","type":"post","link":"https:\/\/agrund.com\/index.php\/nicole-richie-lanca-perfume\/","title":{"rendered":"Nicole Richie lan\u00e7a perfume"},"content":{"rendered":"<p>A designer e it-girl Nicole Richie lan\u00e7a sua primeira fragr\u00e2ncia feminina.<\/p>\n<p>Auto-intitulada\u00a0<em>Nicole<\/em>, a ess\u00eancia \u00e9 inspirada na combina\u00e7\u00e3o de \u00f3leos e lo\u00e7\u00f5es que sua m\u00e3e usava quando ela era crian\u00e7a e traz notas de amora, rosas marroquinas, l\u00edrios do vale, s\u00e2ndalo e vanila.<\/p>\n<p>O perfume ter\u00e1 vers\u00f5es de 50 ml e 100 ml e ser\u00e1 vendido a partir de setembro nos Estados Unidos, por\u00e9m n\u00e3o tem data para chegar ao Brasil.<\/p>\n<div id=\"attachment_35652\" style=\"width: 460px\" class=\"wp-caption aligncenter\"><a class=\"lightbox\" title=\"Nicole Richie lan\u00e7a perfume\" href=\"https:\/\/i0.wp.com\/www.agrund.com\/wp-content\/uploads\/2012\/06\/nicole-richie-frag.jpg\"><img aria-describedby=\"caption-attachment-35652\" decoding=\"async\" loading=\"lazy\" class=\"size-full wp-image-35652\" title=\"Nicole Richie lan\u00e7a perfume\" src=\"https:\/\/i0.wp.com\/www.agrund.com\/wp-content\/uploads\/2012\/06\/nicole-richie-frag.jpg?resize=450%2C300\" alt=\"Nicole Richie lan\u00e7a perfume\" width=\"450\" height=\"300\" data-recalc-dims=\"1\" \/><\/a><p id=\"caption-attachment-35652\" class=\"wp-caption-text\">Nicole Richie lan\u00e7a perfume<\/p><\/div>\n<p>Foto por Reprodu\u00e7\u00e3o.<\/p>\n","protected":false},"excerpt":{"rendered":"<p>A designer e it-girl Nicole Richie lan\u00e7a sua primeira fragr\u00e2ncia feminina. Auto-intitulada\u00a0Nicole, a ess\u00eancia \u00e9 inspirada na combina\u00e7\u00e3o de \u00f3leos e lo\u00e7\u00f5es que sua m\u00e3e usava quando ela era crian\u00e7a e traz notas de amora, rosas marroquinas, l\u00edrios do vale, s\u00e2ndalo e vanila. O perfume ter\u00e1 vers\u00f5es de 50 ml e 100 ml e ser\u00e1 [&hellip;]<\/p>\n","protected":false},"author":8,"featured_media":35653,"comment_status":"open","ping_status":"open","sticky":false,"template":"","format":"standard","meta":{"jetpack_post_was_ever_published":false,"_jetpack_newsletter_access":"","jetpack_publicize_message":"","jetpack_is_tweetstorm":false,"jetpack_publicize_feature_enabled":true,"jetpack_social_post_already_shared":false,"jetpack_social_options":{"image_generator_settings":{"template":"highway","enabled":false}}},"categories":[2],"tags":[],"jetpack_publicize_connections":[],"jetpack_featured_media_url":"","jetpack_sharing_enabled":true,"jetpack_shortlink":"https:\/\/wp.me\/p3Hz0n-9h1","jetpack_likes_enabled":true,"_links":{"self":[{"href":"https:\/\/agrund.com\/index.php\/wp-json\/wp\/v2\/posts\/35651"}],"collection":[{"href":"https:\/\/agrund.com\/index.php\/wp-json\/wp\/v2\/posts"}],"about":[{"href":"https:\/\/agrund.com\/index.php\/wp-json\/wp\/v2\/types\/post"}],"author":[{"embeddable":true,"href":"https:\/\/agrund.com\/index.php\/wp-json\/wp\/v2\/users\/8"}],"replies":[{"embeddable":true,"href":"https:\/\/agrund.com\/index.php\/wp-json\/wp\/v2\/comments?post=35651"}],"version-history":[{"count":0,"href":"https:\/\/agrund.com\/index.php\/wp-json\/wp\/v2\/posts\/35651\/revisions"}],"wp:featuredmedia":[{"embeddable":true,"href":"https:\/\/agrund.com\/index.php\/wp-json\/"}],"wp:attachment":[{"href":"https:\/\/agrund.com\/index.php\/wp-json\/wp\/v2\/media?parent=35651"}],"wp:term":[{"taxonomy":"category","embeddable":true,"href":"https:\/\/agrund.com\/index.php\/wp-json\/wp\/v2\/categories?post=35651"},{"taxonomy":"post_tag","embeddable":true,"href":"https:\/\/agrund.com\/index.php\/wp-json\/wp\/v2\/tags?post=35651"}],"curies":[{"name":"wp","href":"https:\/\/api.w.org\/{rel}","templated":true}]}}