{"id":35647,"date":"2012-06-25T17:00:31","date_gmt":"2012-06-25T20:00:31","guid":{"rendered":"http:\/\/www.agrund.com\/?p=35647"},"modified":"2012-06-25T17:00:31","modified_gmt":"2012-06-25T20:00:31","slug":"new-balance-lanca-colecao-exclusiva-para-o-urban-outfitters","status":"publish","type":"post","link":"https:\/\/agrund.com\/index.php\/new-balance-lanca-colecao-exclusiva-para-o-urban-outfitters\/","title":{"rendered":"New Balance lan\u00e7a cole\u00e7\u00e3o exclusiva para o Urban Outfitters"},"content":{"rendered":"<p>A New Balance fez uma linha de ver\u00e3o especial para ser vendida na Urban Outfitters.\u00a0Os modelos s\u00e3o super coloridos e alguns at\u00e9 com estampas florais, mas n\u00e3o pensem que s\u00e3o femininos homens tamb\u00e9m podem usar floral. O que voc\u00eas acham?<\/p>\n<p>&nbsp;<\/p>\n<div id=\"attachment_35648\" style=\"width: 460px\" class=\"wp-caption aligncenter\"><a class=\"lightbox\" title=\"New Balance lan\u00e7a cole\u00e7\u00e3o exclusiva para o Urban Outfitters\" href=\"https:\/\/i0.wp.com\/www.agrund.com\/wp-content\/uploads\/2012\/06\/NB-UrbanOutfitters.jpg\"><img aria-describedby=\"caption-attachment-35648\" decoding=\"async\" loading=\"lazy\" class=\"size-full wp-image-35648\" title=\"New Balance lan\u00e7a cole\u00e7\u00e3o exclusiva para o Urban Outfitters\" src=\"https:\/\/i0.wp.com\/www.agrund.com\/wp-content\/uploads\/2012\/06\/NB-UrbanOutfitters.jpg?resize=450%2C300\" alt=\"New Balance lan\u00e7a cole\u00e7\u00e3o exclusiva para o Urban Outfitters\" width=\"450\" height=\"300\" data-recalc-dims=\"1\" \/><\/a><p id=\"caption-attachment-35648\" class=\"wp-caption-text\">New Balance lan\u00e7a cole\u00e7\u00e3o exclusiva para o Urban Outfitters<\/p><\/div>\n<p>Fotos por Reprodu\u00e7\u00e3o.<\/p>\n<p><img decoding=\"async\" src=\"https:\/\/i0.wp.com\/www.agrund.com\/wp-content\/themes\/FashionPlus\/images\/topo_moda_masculina.jpg\" alt=\"Moda Masculina\" data-recalc-dims=\"1\" \/><\/p>\n","protected":false},"excerpt":{"rendered":"<p>A New Balance fez uma linha de ver\u00e3o especial para ser vendida na Urban Outfitters.\u00a0Os modelos s\u00e3o super coloridos e alguns at\u00e9 com estampas florais, mas n\u00e3o pensem que s\u00e3o femininos homens tamb\u00e9m podem usar floral. O que voc\u00eas acham? &nbsp; Fotos por Reprodu\u00e7\u00e3o.<\/p>\n","protected":false},"author":8,"featured_media":35649,"comment_status":"open","ping_status":"open","sticky":false,"template":"","format":"standard","meta":{"jetpack_post_was_ever_published":false,"_jetpack_newsletter_access":"","jetpack_publicize_message":"","jetpack_is_tweetstorm":false,"jetpack_publicize_feature_enabled":true,"jetpack_social_post_already_shared":false,"jetpack_social_options":{"image_generator_settings":{"template":"highway","enabled":false}}},"categories":[6],"tags":[],"jetpack_publicize_connections":[],"jetpack_featured_media_url":"","jetpack_sharing_enabled":true,"jetpack_shortlink":"https:\/\/wp.me\/p3Hz0n-9gX","jetpack_likes_enabled":true,"_links":{"self":[{"href":"https:\/\/agrund.com\/index.php\/wp-json\/wp\/v2\/posts\/35647"}],"collection":[{"href":"https:\/\/agrund.com\/index.php\/wp-json\/wp\/v2\/posts"}],"about":[{"href":"https:\/\/agrund.com\/index.php\/wp-json\/wp\/v2\/types\/post"}],"author":[{"embeddable":true,"href":"https:\/\/agrund.com\/index.php\/wp-json\/wp\/v2\/users\/8"}],"replies":[{"embeddable":true,"href":"https:\/\/agrund.com\/index.php\/wp-json\/wp\/v2\/comments?post=35647"}],"version-history":[{"count":0,"href":"https:\/\/agrund.com\/index.php\/wp-json\/wp\/v2\/posts\/35647\/revisions"}],"wp:featuredmedia":[{"embeddable":true,"href":"https:\/\/agrund.com\/index.php\/wp-json\/"}],"wp:attachment":[{"href":"https:\/\/agrund.com\/index.php\/wp-json\/wp\/v2\/media?parent=35647"}],"wp:term":[{"taxonomy":"category","embeddable":true,"href":"https:\/\/agrund.com\/index.php\/wp-json\/wp\/v2\/categories?post=35647"},{"taxonomy":"post_tag","embeddable":true,"href":"https:\/\/agrund.com\/index.php\/wp-json\/wp\/v2\/tags?post=35647"}],"curies":[{"name":"wp","href":"https:\/\/api.w.org\/{rel}","templated":true}]}}