{"id":35632,"date":"2012-06-25T13:00:14","date_gmt":"2012-06-25T16:00:14","guid":{"rendered":"http:\/\/www.agrund.com\/?p=35632"},"modified":"2012-06-25T13:00:14","modified_gmt":"2012-06-25T16:00:14","slug":"ed-westwick-na-campanha-de-philipp-plein","status":"publish","type":"post","link":"https:\/\/agrund.com\/index.php\/ed-westwick-na-campanha-de-philipp-plein\/","title":{"rendered":"Ed Westwick na campanha de Philipp Plein"},"content":{"rendered":"<p>A campanha Inverno 2012 da Philipp Plein \u00e9 estrelada pelo astro do seriado\u00a0<em>Gossip Girl,\u00a0<\/em>Ed West\u00adwick. O ensaio foi feito em Nova York, e o melhor, \u00e9 que o fot\u00f3grafo Terry Richardson al\u00e9m de fazer os cliques tamb\u00e9m participa, aparecendo em reflexos no espelho.<\/p>\n<div id=\"attachment_35636\" style=\"width: 460px\" class=\"wp-caption aligncenter\"><a class=\"lightbox\" title=\"Ed Westwick na campanha de Philipp Plein\" href=\"https:\/\/i0.wp.com\/www.agrund.com\/wp-content\/uploads\/2012\/06\/PP5.jpg\"><img aria-describedby=\"caption-attachment-35636\" decoding=\"async\" loading=\"lazy\" class=\"size-full wp-image-35636\" title=\"Ed Westwick na campanha de Philipp Plein\" src=\"https:\/\/i0.wp.com\/www.agrund.com\/wp-content\/uploads\/2012\/06\/PP5.jpg?resize=450%2C300\" alt=\"Ed Westwick na campanha de Philipp Plein\" width=\"450\" height=\"300\" data-recalc-dims=\"1\" \/><\/a><p id=\"caption-attachment-35636\" class=\"wp-caption-text\">Ed Westwick na campanha de Philipp Plein<\/p><\/div>\n<div id=\"attachment_35635\" style=\"width: 460px\" class=\"wp-caption aligncenter\"><a class=\"lightbox\" title=\"Ed Westwick na campanha de Philipp Plein\" href=\"https:\/\/i0.wp.com\/www.agrund.com\/wp-content\/uploads\/2012\/06\/PP3.jpg\"><img aria-describedby=\"caption-attachment-35635\" decoding=\"async\" loading=\"lazy\" class=\"size-full wp-image-35635\" title=\"Ed Westwick na campanha de Philipp Plein\" src=\"https:\/\/i0.wp.com\/www.agrund.com\/wp-content\/uploads\/2012\/06\/PP3.jpg?resize=450%2C300\" alt=\"Ed Westwick na campanha de Philipp Plein\" width=\"450\" height=\"300\" data-recalc-dims=\"1\" \/><\/a><p id=\"caption-attachment-35635\" class=\"wp-caption-text\">Ed Westwick na campanha de Philipp Plein<\/p><\/div>\n<div id=\"attachment_35634\" style=\"width: 460px\" class=\"wp-caption aligncenter\"><a class=\"lightbox\" title=\"Ed Westwick na campanha de Philipp Plein\" href=\"https:\/\/i0.wp.com\/www.agrund.com\/wp-content\/uploads\/2012\/06\/PP2.jpg\"><img aria-describedby=\"caption-attachment-35634\" decoding=\"async\" loading=\"lazy\" class=\"size-full wp-image-35634\" title=\"Ed Westwick na campanha de Philipp Plein\" src=\"https:\/\/i0.wp.com\/www.agrund.com\/wp-content\/uploads\/2012\/06\/PP2.jpg?resize=450%2C300\" alt=\"Ed Westwick na campanha de Philipp Plein\" width=\"450\" height=\"300\" data-recalc-dims=\"1\" \/><\/a><p id=\"caption-attachment-35634\" class=\"wp-caption-text\">Ed Westwick na campanha de Philipp Plein<\/p><\/div>\n<div id=\"attachment_35633\" style=\"width: 460px\" class=\"wp-caption aligncenter\"><a class=\"lightbox\" title=\"Ed Westwick na campanha de Philipp Plein\" href=\"https:\/\/i0.wp.com\/www.agrund.com\/wp-content\/uploads\/2012\/06\/PP1.jpg\"><img aria-describedby=\"caption-attachment-35633\" decoding=\"async\" loading=\"lazy\" class=\"size-full wp-image-35633\" title=\"Ed Westwick na campanha de Philipp Plein\" src=\"https:\/\/i0.wp.com\/www.agrund.com\/wp-content\/uploads\/2012\/06\/PP1.jpg?resize=450%2C300\" alt=\"Ed Westwick na campanha de Philipp Plein\" width=\"450\" height=\"300\" data-recalc-dims=\"1\" \/><\/a><p id=\"caption-attachment-35633\" class=\"wp-caption-text\">Ed Westwick na campanha de Philipp Plein<\/p><\/div>\n<p>Fotos por Reprodu\u00e7\u00e3o.<\/p>\n<p><img decoding=\"async\" src=\"https:\/\/i0.wp.com\/www.agrund.com\/wp-content\/themes\/FashionPlus\/images\/topo_moda_masculina.jpg\" alt=\"Moda Masculina\" data-recalc-dims=\"1\" \/><\/p>\n","protected":false},"excerpt":{"rendered":"<p>A campanha Inverno 2012 da Philipp Plein \u00e9 estrelada pelo astro do seriado\u00a0Gossip Girl,\u00a0Ed West\u00adwick. O ensaio foi feito em Nova York, e o melhor, \u00e9 que o fot\u00f3grafo Terry Richardson al\u00e9m de fazer os cliques tamb\u00e9m participa, aparecendo em reflexos no espelho. Fotos por Reprodu\u00e7\u00e3o.<\/p>\n","protected":false},"author":8,"featured_media":35637,"comment_status":"open","ping_status":"open","sticky":false,"template":"","format":"standard","meta":{"jetpack_post_was_ever_published":false,"_jetpack_newsletter_access":"","jetpack_publicize_message":"","jetpack_is_tweetstorm":false,"jetpack_publicize_feature_enabled":true,"jetpack_social_post_already_shared":false,"jetpack_social_options":{"image_generator_settings":{"template":"highway","enabled":false}}},"categories":[6],"tags":[],"jetpack_publicize_connections":[],"jetpack_featured_media_url":"","jetpack_sharing_enabled":true,"jetpack_shortlink":"https:\/\/wp.me\/p3Hz0n-9gI","jetpack_likes_enabled":true,"_links":{"self":[{"href":"https:\/\/agrund.com\/index.php\/wp-json\/wp\/v2\/posts\/35632"}],"collection":[{"href":"https:\/\/agrund.com\/index.php\/wp-json\/wp\/v2\/posts"}],"about":[{"href":"https:\/\/agrund.com\/index.php\/wp-json\/wp\/v2\/types\/post"}],"author":[{"embeddable":true,"href":"https:\/\/agrund.com\/index.php\/wp-json\/wp\/v2\/users\/8"}],"replies":[{"embeddable":true,"href":"https:\/\/agrund.com\/index.php\/wp-json\/wp\/v2\/comments?post=35632"}],"version-history":[{"count":0,"href":"https:\/\/agrund.com\/index.php\/wp-json\/wp\/v2\/posts\/35632\/revisions"}],"wp:featuredmedia":[{"embeddable":true,"href":"https:\/\/agrund.com\/index.php\/wp-json\/"}],"wp:attachment":[{"href":"https:\/\/agrund.com\/index.php\/wp-json\/wp\/v2\/media?parent=35632"}],"wp:term":[{"taxonomy":"category","embeddable":true,"href":"https:\/\/agrund.com\/index.php\/wp-json\/wp\/v2\/categories?post=35632"},{"taxonomy":"post_tag","embeddable":true,"href":"https:\/\/agrund.com\/index.php\/wp-json\/wp\/v2\/tags?post=35632"}],"curies":[{"name":"wp","href":"https:\/\/api.w.org\/{rel}","templated":true}]}}