{"id":35428,"date":"2012-06-21T09:59:26","date_gmt":"2012-06-21T12:59:26","guid":{"rendered":"http:\/\/www.agrund.com\/?p=35428"},"modified":"2012-06-21T09:59:26","modified_gmt":"2012-06-21T12:59:26","slug":"primeira-imagem-da-campanha-inverno-2013-da-givenchy","status":"publish","type":"post","link":"https:\/\/agrund.com\/index.php\/primeira-imagem-da-campanha-inverno-2013-da-givenchy\/","title":{"rendered":"Primeira imagem da campanha Inverno 2013 da Givenchy"},"content":{"rendered":"<p>A Givenchy acaba de divulgar a primeira imagem da sua campanha de Inverno 2013. A id\u00e9ia \u00e9 contagiar o p\u00fablico com muita energia e euforia. Segundo Ricardo Tisci, \u201cO an\u00fancio fala sobre felicidade e liberdade de express\u00e3o atrav\u00e9s do seu corpo. Al\u00e9m de mostrar um mundo din\u00e2mico, feliz e divertido, que \u00e9 exatamente o que a moda precisa.&#8221;<\/p>\n<div id=\"attachment_35429\" style=\"width: 525px\" class=\"wp-caption aligncenter\"><a class=\"lightbox\" title=\"Primeira imagem da campanha Inverno 2013 da Givenchy\" href=\"https:\/\/i0.wp.com\/www.agrund.com\/wp-content\/uploads\/2012\/06\/a_560x375-1.jpg\"><img aria-describedby=\"caption-attachment-35429\" decoding=\"async\" loading=\"lazy\" class=\" wp-image-35429 \" title=\"Primeira imagem da campanha Inverno 2013 da Givenchy\" src=\"https:\/\/i0.wp.com\/www.agrund.com\/wp-content\/uploads\/2012\/06\/a_560x375-1.jpg?resize=515%2C344\" alt=\"Primeira imagem da campanha Inverno 2013 da Givenchy\" width=\"515\" height=\"344\" data-recalc-dims=\"1\" \/><\/a><p id=\"caption-attachment-35429\" class=\"wp-caption-text\">Primeira imagem da campanha Inverno 2013 da Givenchy<\/p><\/div>\n<p>Foto por Reprodu\u00e7\u00e3o.<\/p>\n","protected":false},"excerpt":{"rendered":"<p>A Givenchy acaba de divulgar a primeira imagem da sua campanha de Inverno 2013. A id\u00e9ia \u00e9 contagiar o p\u00fablico com muita energia e euforia. Segundo Ricardo Tisci, \u201cO an\u00fancio fala sobre felicidade e liberdade de express\u00e3o atrav\u00e9s do seu corpo. Al\u00e9m de mostrar um mundo din\u00e2mico, feliz e divertido, que \u00e9 exatamente o que [&hellip;]<\/p>\n","protected":false},"author":8,"featured_media":35430,"comment_status":"open","ping_status":"open","sticky":false,"template":"","format":"standard","meta":{"jetpack_post_was_ever_published":false,"_jetpack_newsletter_access":"","jetpack_publicize_message":"","jetpack_is_tweetstorm":false,"jetpack_publicize_feature_enabled":true,"jetpack_social_post_already_shared":false,"jetpack_social_options":{"image_generator_settings":{"template":"highway","enabled":false}}},"categories":[2],"tags":[],"jetpack_publicize_connections":[],"jetpack_featured_media_url":"","jetpack_sharing_enabled":true,"jetpack_shortlink":"https:\/\/wp.me\/p3Hz0n-9dq","jetpack_likes_enabled":true,"_links":{"self":[{"href":"https:\/\/agrund.com\/index.php\/wp-json\/wp\/v2\/posts\/35428"}],"collection":[{"href":"https:\/\/agrund.com\/index.php\/wp-json\/wp\/v2\/posts"}],"about":[{"href":"https:\/\/agrund.com\/index.php\/wp-json\/wp\/v2\/types\/post"}],"author":[{"embeddable":true,"href":"https:\/\/agrund.com\/index.php\/wp-json\/wp\/v2\/users\/8"}],"replies":[{"embeddable":true,"href":"https:\/\/agrund.com\/index.php\/wp-json\/wp\/v2\/comments?post=35428"}],"version-history":[{"count":0,"href":"https:\/\/agrund.com\/index.php\/wp-json\/wp\/v2\/posts\/35428\/revisions"}],"wp:featuredmedia":[{"embeddable":true,"href":"https:\/\/agrund.com\/index.php\/wp-json\/"}],"wp:attachment":[{"href":"https:\/\/agrund.com\/index.php\/wp-json\/wp\/v2\/media?parent=35428"}],"wp:term":[{"taxonomy":"category","embeddable":true,"href":"https:\/\/agrund.com\/index.php\/wp-json\/wp\/v2\/categories?post=35428"},{"taxonomy":"post_tag","embeddable":true,"href":"https:\/\/agrund.com\/index.php\/wp-json\/wp\/v2\/tags?post=35428"}],"curies":[{"name":"wp","href":"https:\/\/api.w.org\/{rel}","templated":true}]}}