{"id":35389,"date":"2012-06-20T21:30:03","date_gmt":"2012-06-21T00:30:03","guid":{"rendered":"http:\/\/www.agrund.com\/?p=35389"},"modified":"2012-06-20T21:30:03","modified_gmt":"2012-06-21T00:30:03","slug":"aniversario-principe-william-planeja-festa-discreta-para-seus-30-anos","status":"publish","type":"post","link":"https:\/\/agrund.com\/index.php\/aniversario-principe-william-planeja-festa-discreta-para-seus-30-anos\/","title":{"rendered":"Anivers\u00e1rio :: Pr\u00edncipe William planeja festa discreta para seus 30 anos"},"content":{"rendered":"<p>Anivers\u00e1rio do Pr\u00edncipe William,\u00a0\u00e9 nesta quinta-feira (21.06.12) e, para marcar a data, ele reunir\u00e1 os amigos mais pr\u00f3ximos em sua casa no norte do Pa\u00eds de Gales.<br \/>\n&#8220;Ele vai comemorar de forma discreta e reservada&#8221;, disse um porta-voz do pal\u00e1cio de St James.<br \/>\nH\u00e1 rumores de que a mulher de William, Kate, estaria planejando uma grande celebra\u00e7\u00e3o para outro dia. Ela tem se encontrado com os amigos do pr\u00edncipe para organizar uma festa inesquec\u00edvel.<br \/>\nA duquesa de Cambridge, no entanto, j\u00e1 teria escolhido um dos presentes que dar\u00e1 ao marido: um quadro oficial de si mesma. Kate posou para a pintura, feita pelo artista pl\u00e1stico Nicky Philipps, que j\u00e1 retratou William e Harry, quando o pr\u00edncipe passou seis semanas nas Malvinas, no come\u00e7o deste ano. &#8220;A maioria dos casais podem pensar que uma imagem do amado n\u00e3o \u00e9 o melhor presente. Mas, neste caso, significa muito. \u00c9 o primeiro retrato de Catherine, o que \u00e9 algo muito importante para a fam\u00edlia real,&#8221; disse uma fonte.<\/p>\n<div id=\"attachment_35390\" style=\"width: 510px\" class=\"wp-caption aligncenter\"><a class=\"lightbox\" title=\"Anivers\u00e1rio :: Pr\u00edncipe William planeja festa discreta para seus 30 anos\" href=\"https:\/\/i0.wp.com\/www.agrund.com\/wp-content\/uploads\/2012\/06\/CasamentodoprncipeWilliaminspirapacoteturstico.jpg\"><img aria-describedby=\"caption-attachment-35390\" decoding=\"async\" loading=\"lazy\" class=\"size-full wp-image-35390\" title=\"Anivers\u00e1rio :: Pr\u00edncipe William planeja festa discreta para seus 30 anos\" src=\"https:\/\/i0.wp.com\/www.agrund.com\/wp-content\/uploads\/2012\/06\/CasamentodoprncipeWilliaminspirapacoteturstico.jpg?resize=500%2C292\" alt=\"Anivers\u00e1rio :: Pr\u00edncipe William planeja festa discreta para seus 30 anos\" width=\"500\" height=\"292\" data-recalc-dims=\"1\" \/><\/a><p id=\"caption-attachment-35390\" class=\"wp-caption-text\">Anivers\u00e1rio :: Pr\u00edncipe William planeja festa discreta para seus 30 anos<\/p><\/div>\n<p>Foto por Reprodu\u00e7\u00e3o.<\/p>\n","protected":false},"excerpt":{"rendered":"<p>Anivers\u00e1rio do Pr\u00edncipe William,\u00a0\u00e9 nesta quinta-feira (21.06.12) e, para marcar a data, ele reunir\u00e1 os amigos mais pr\u00f3ximos em sua casa no norte do Pa\u00eds de Gales. &#8220;Ele vai comemorar de forma discreta e reservada&#8221;, disse um porta-voz do pal\u00e1cio de St James. H\u00e1 rumores de que a mulher de William, Kate, estaria planejando uma [&hellip;]<\/p>\n","protected":false},"author":8,"featured_media":35391,"comment_status":"open","ping_status":"open","sticky":false,"template":"","format":"standard","meta":{"jetpack_post_was_ever_published":false,"_jetpack_newsletter_access":"","jetpack_publicize_message":"","jetpack_is_tweetstorm":false,"jetpack_publicize_feature_enabled":true,"jetpack_social_post_already_shared":false,"jetpack_social_options":{"image_generator_settings":{"template":"highway","enabled":false}}},"categories":[2],"tags":[],"jetpack_publicize_connections":[],"jetpack_featured_media_url":"","jetpack_sharing_enabled":true,"jetpack_shortlink":"https:\/\/wp.me\/p3Hz0n-9cN","jetpack_likes_enabled":true,"_links":{"self":[{"href":"https:\/\/agrund.com\/index.php\/wp-json\/wp\/v2\/posts\/35389"}],"collection":[{"href":"https:\/\/agrund.com\/index.php\/wp-json\/wp\/v2\/posts"}],"about":[{"href":"https:\/\/agrund.com\/index.php\/wp-json\/wp\/v2\/types\/post"}],"author":[{"embeddable":true,"href":"https:\/\/agrund.com\/index.php\/wp-json\/wp\/v2\/users\/8"}],"replies":[{"embeddable":true,"href":"https:\/\/agrund.com\/index.php\/wp-json\/wp\/v2\/comments?post=35389"}],"version-history":[{"count":0,"href":"https:\/\/agrund.com\/index.php\/wp-json\/wp\/v2\/posts\/35389\/revisions"}],"wp:featuredmedia":[{"embeddable":true,"href":"https:\/\/agrund.com\/index.php\/wp-json\/"}],"wp:attachment":[{"href":"https:\/\/agrund.com\/index.php\/wp-json\/wp\/v2\/media?parent=35389"}],"wp:term":[{"taxonomy":"category","embeddable":true,"href":"https:\/\/agrund.com\/index.php\/wp-json\/wp\/v2\/categories?post=35389"},{"taxonomy":"post_tag","embeddable":true,"href":"https:\/\/agrund.com\/index.php\/wp-json\/wp\/v2\/tags?post=35389"}],"curies":[{"name":"wp","href":"https:\/\/api.w.org\/{rel}","templated":true}]}}