{"id":35308,"date":"2012-06-20T10:00:06","date_gmt":"2012-06-20T13:00:06","guid":{"rendered":"http:\/\/www.agrund.com\/?p=35308"},"modified":"2012-06-20T10:00:06","modified_gmt":"2012-06-20T13:00:06","slug":"centro-europeu-lanca-o-projeto-noite-de-ideias","status":"publish","type":"post","link":"https:\/\/agrund.com\/index.php\/centro-europeu-lanca-o-projeto-noite-de-ideias\/","title":{"rendered":"Centro Europeu lan\u00e7a o projeto \u201cNoite de Id\u00e9ias\u201d"},"content":{"rendered":"<p><strong>\u00a0<\/strong>Na pr\u00f3xima sexta-feira, dia 22 de junho, o curso de Fotografia do Centro Europeu, uma das principais escolas de profiss\u00f5es e idiomas da Am\u00e9rica Latina, ir\u00e1 promover a primeira edi\u00e7\u00e3o do projeto \u201cNoite de Id\u00e9ias\u201d, evento que discutir\u00e1 mensalmente temas relacionados ao efervescente mundo da fotografia. Em sua estr\u00e9ia, a atividade, organizada pelas fot\u00f3grafas T\u00e2nia Buchmann e Charly Techio, ter\u00e1 como tema \u201cFotografia de Moda\u201d e ser\u00e1 comandado pelo fot\u00f3grafo Paulo Cibin.<\/p>\n<p>Mais informa\u00e7\u00f5es no\u00a0<a href=\"http:\/\/www.centroeuropeu.com.br\/\" target=\"_blank\">www.centroeuropeu.com.br<\/a><\/p>\n<div id=\"attachment_35313\" style=\"width: 450px\" class=\"wp-caption aligncenter\"><a class=\"lightbox\" title=\"Centro Europeu lan\u00e7a o projeto \u201cNoite de Id\u00e9ias\u201d\" href=\"https:\/\/i0.wp.com\/www.agrund.com\/wp-content\/uploads\/2012\/06\/Foto_Moda1.jpg\"><img aria-describedby=\"caption-attachment-35313\" decoding=\"async\" loading=\"lazy\" class=\"size-full wp-image-35313\" title=\"Centro Europeu lan\u00e7a o projeto \u201cNoite de Id\u00e9ias\u201d\" src=\"https:\/\/i0.wp.com\/www.agrund.com\/wp-content\/uploads\/2012\/06\/Foto_Moda1.jpg?resize=440%2C440\" alt=\"Centro Europeu lan\u00e7a o projeto \u201cNoite de Id\u00e9ias\u201d\" width=\"440\" height=\"440\" data-recalc-dims=\"1\" \/><\/a><p id=\"caption-attachment-35313\" class=\"wp-caption-text\">Centro Europeu lan\u00e7a o projeto \u201cNoite de Id\u00e9ias\u201d<\/p><\/div>\n<div id=\"attachment_35314\" style=\"width: 450px\" class=\"wp-caption aligncenter\"><a class=\"lightbox\" title=\"Centro Europeu lan\u00e7a o projeto \u201cNoite de Id\u00e9ias\u201d\" href=\"https:\/\/i0.wp.com\/www.agrund.com\/wp-content\/uploads\/2012\/06\/Foto_Moda21.jpg\"><img aria-describedby=\"caption-attachment-35314\" decoding=\"async\" loading=\"lazy\" class=\"size-full wp-image-35314\" title=\"Centro Europeu lan\u00e7a o projeto \u201cNoite de Id\u00e9ias\u201d\" src=\"https:\/\/i0.wp.com\/www.agrund.com\/wp-content\/uploads\/2012\/06\/Foto_Moda21.jpg?resize=440%2C409\" alt=\"Centro Europeu lan\u00e7a o projeto \u201cNoite de Id\u00e9ias\u201d\" width=\"440\" height=\"409\" data-recalc-dims=\"1\" \/><\/a><p id=\"caption-attachment-35314\" class=\"wp-caption-text\">Centro Europeu lan\u00e7a o projeto \u201cNoite de Id\u00e9ias\u201d<\/p><\/div>\n<p style=\"text-align: center\"><strong><br \/>\n<\/strong><\/p>\n<p style=\"text-align: center\">\n<p>Fotos por Reprodu\u00e7\u00e3o.<\/p>\n<p>&nbsp;<\/p>\n","protected":false},"excerpt":{"rendered":"<p>\u00a0Na pr\u00f3xima sexta-feira, dia 22 de junho, o curso de Fotografia do Centro Europeu, uma das principais escolas de profiss\u00f5es e idiomas da Am\u00e9rica Latina, ir\u00e1 promover a primeira edi\u00e7\u00e3o do projeto \u201cNoite de Id\u00e9ias\u201d, evento que discutir\u00e1 mensalmente temas relacionados ao efervescente mundo da fotografia. Em sua estr\u00e9ia, a atividade, organizada pelas fot\u00f3grafas T\u00e2nia [&hellip;]<\/p>\n","protected":false},"author":8,"featured_media":35311,"comment_status":"open","ping_status":"open","sticky":false,"template":"","format":"standard","meta":{"jetpack_post_was_ever_published":false,"_jetpack_newsletter_access":"","jetpack_publicize_message":"","jetpack_is_tweetstorm":false,"jetpack_publicize_feature_enabled":true,"jetpack_social_post_already_shared":false,"jetpack_social_options":{"image_generator_settings":{"template":"highway","enabled":false}}},"categories":[2],"tags":[],"jetpack_publicize_connections":[],"jetpack_featured_media_url":"","jetpack_sharing_enabled":true,"jetpack_shortlink":"https:\/\/wp.me\/p3Hz0n-9bu","jetpack_likes_enabled":true,"_links":{"self":[{"href":"https:\/\/agrund.com\/index.php\/wp-json\/wp\/v2\/posts\/35308"}],"collection":[{"href":"https:\/\/agrund.com\/index.php\/wp-json\/wp\/v2\/posts"}],"about":[{"href":"https:\/\/agrund.com\/index.php\/wp-json\/wp\/v2\/types\/post"}],"author":[{"embeddable":true,"href":"https:\/\/agrund.com\/index.php\/wp-json\/wp\/v2\/users\/8"}],"replies":[{"embeddable":true,"href":"https:\/\/agrund.com\/index.php\/wp-json\/wp\/v2\/comments?post=35308"}],"version-history":[{"count":0,"href":"https:\/\/agrund.com\/index.php\/wp-json\/wp\/v2\/posts\/35308\/revisions"}],"wp:featuredmedia":[{"embeddable":true,"href":"https:\/\/agrund.com\/index.php\/wp-json\/"}],"wp:attachment":[{"href":"https:\/\/agrund.com\/index.php\/wp-json\/wp\/v2\/media?parent=35308"}],"wp:term":[{"taxonomy":"category","embeddable":true,"href":"https:\/\/agrund.com\/index.php\/wp-json\/wp\/v2\/categories?post=35308"},{"taxonomy":"post_tag","embeddable":true,"href":"https:\/\/agrund.com\/index.php\/wp-json\/wp\/v2\/tags?post=35308"}],"curies":[{"name":"wp","href":"https:\/\/api.w.org\/{rel}","templated":true}]}}