{"id":35195,"date":"2012-06-18T21:00:36","date_gmt":"2012-06-19T00:00:36","guid":{"rendered":"http:\/\/www.agrund.com\/?p=35195"},"modified":"2012-06-18T21:00:36","modified_gmt":"2012-06-19T00:00:36","slug":"marcos-proenca-inaugura-o-barber-shop","status":"publish","type":"post","link":"https:\/\/agrund.com\/index.php\/marcos-proenca-inaugura-o-barber-shop\/","title":{"rendered":"Marcos Proen\u00e7a inaugura o Barber Shop"},"content":{"rendered":"<p>Para os homens uma \u00f3tima novidade, o cabeleireiro Marcos Proen\u00e7a inaugura nesta ter\u00e7a-feira (19.06), o Barber Shop\u00a0na Noir, loja masculina de roupas da Le Lis. O espa\u00e7o tem como inspira\u00e7\u00e3o as barbearias t\u00edpicas da d\u00e9cada de 40, as cadeiras e os objetos que comp\u00f5em a decora\u00e7\u00e3o s\u00e3o semelhantes aos que eram utilizados naquela \u00e9poca.<\/p>\n<p>Onde? Rua Bela Cintra 2305- Jardins- SP<\/p>\n<p>&nbsp;<\/p>\n<div id=\"attachment_35196\" style=\"width: 410px\" class=\"wp-caption aligncenter\"><a class=\"lightbox\" title=\"Marcos Proen\u00e7a inaugura o Barber Shop\" href=\"https:\/\/i0.wp.com\/www.agrund.com\/wp-content\/uploads\/2012\/06\/121-_-Noir-_-LeLis-_bx.jpg\"><img aria-describedby=\"caption-attachment-35196\" decoding=\"async\" loading=\"lazy\" class=\"size-full wp-image-35196\" title=\"Marcos Proen\u00e7a inaugura o Barber Shop\" src=\"https:\/\/i0.wp.com\/www.agrund.com\/wp-content\/uploads\/2012\/06\/121-_-Noir-_-LeLis-_bx.jpg?resize=400%2C602\" alt=\"Marcos Proen\u00e7a inaugura o Barber Shop\" width=\"400\" height=\"602\" data-recalc-dims=\"1\" \/><\/a><p id=\"caption-attachment-35196\" class=\"wp-caption-text\">Marcos Proen\u00e7a inaugura o Barber Shop<\/p><\/div>\n<p>&nbsp;<\/p>\n<p>Foto por Reprodu\u00e7\u00e3o.<\/p>\n","protected":false},"excerpt":{"rendered":"<p>Para os homens uma \u00f3tima novidade, o cabeleireiro Marcos Proen\u00e7a inaugura nesta ter\u00e7a-feira (19.06), o Barber Shop\u00a0na Noir, loja masculina de roupas da Le Lis. O espa\u00e7o tem como inspira\u00e7\u00e3o as barbearias t\u00edpicas da d\u00e9cada de 40, as cadeiras e os objetos que comp\u00f5em a decora\u00e7\u00e3o s\u00e3o semelhantes aos que eram utilizados naquela \u00e9poca. Onde? [&hellip;]<\/p>\n","protected":false},"author":8,"featured_media":35197,"comment_status":"open","ping_status":"open","sticky":false,"template":"","format":"standard","meta":{"jetpack_post_was_ever_published":false,"_jetpack_newsletter_access":"","jetpack_publicize_message":"","jetpack_is_tweetstorm":false,"jetpack_publicize_feature_enabled":true,"jetpack_social_post_already_shared":false,"jetpack_social_options":{"image_generator_settings":{"template":"highway","enabled":false}}},"categories":[6],"tags":[],"jetpack_publicize_connections":[],"jetpack_featured_media_url":"","jetpack_sharing_enabled":true,"jetpack_shortlink":"https:\/\/wp.me\/p3Hz0n-99F","jetpack_likes_enabled":true,"_links":{"self":[{"href":"https:\/\/agrund.com\/index.php\/wp-json\/wp\/v2\/posts\/35195"}],"collection":[{"href":"https:\/\/agrund.com\/index.php\/wp-json\/wp\/v2\/posts"}],"about":[{"href":"https:\/\/agrund.com\/index.php\/wp-json\/wp\/v2\/types\/post"}],"author":[{"embeddable":true,"href":"https:\/\/agrund.com\/index.php\/wp-json\/wp\/v2\/users\/8"}],"replies":[{"embeddable":true,"href":"https:\/\/agrund.com\/index.php\/wp-json\/wp\/v2\/comments?post=35195"}],"version-history":[{"count":0,"href":"https:\/\/agrund.com\/index.php\/wp-json\/wp\/v2\/posts\/35195\/revisions"}],"wp:featuredmedia":[{"embeddable":true,"href":"https:\/\/agrund.com\/index.php\/wp-json\/"}],"wp:attachment":[{"href":"https:\/\/agrund.com\/index.php\/wp-json\/wp\/v2\/media?parent=35195"}],"wp:term":[{"taxonomy":"category","embeddable":true,"href":"https:\/\/agrund.com\/index.php\/wp-json\/wp\/v2\/categories?post=35195"},{"taxonomy":"post_tag","embeddable":true,"href":"https:\/\/agrund.com\/index.php\/wp-json\/wp\/v2\/tags?post=35195"}],"curies":[{"name":"wp","href":"https:\/\/api.w.org\/{rel}","templated":true}]}}