{"id":35174,"date":"2012-06-18T18:00:46","date_gmt":"2012-06-18T21:00:46","guid":{"rendered":"http:\/\/www.agrund.com\/?p=35174"},"modified":"2012-06-18T18:00:46","modified_gmt":"2012-06-18T21:00:46","slug":"sp-fashion-week-a-tendencia-esportiva-que-vai-fazer-o-verao-2013","status":"publish","type":"post","link":"https:\/\/agrund.com\/index.php\/sp-fashion-week-a-tendencia-esportiva-que-vai-fazer-o-verao-2013\/","title":{"rendered":"SP Fashion Week &#8211; A tend\u00eancia esportiva que vai fazer o Ver\u00e3o 2013"},"content":{"rendered":"<div>Uma tend\u00eancia forte deste SP Fashion Week, que terminou ontem, \u00e9 a volta do shape esportivo at\u00e9 mesmo em marcas nas quais o forte s\u00e3o as roupa de festa. Pode investir na bermuda \u00e0 moda ciclista, bem colada, na altura do joelho. A pe\u00e7a apareceu em diversas cole\u00e7\u00f5es, da vers\u00e3o\u00a0saf\u00e1ri\u00a0(Animale) \u00e0 fetiche (Cavalera), sobreposta com vestidos mais amplos e fluidos. Tamb\u00e9m vai pegar a cal\u00e7a com punho, barrados com el\u00e1stico, bolsos, recortes tipo nadador e al\u00e7a cruzada em &#8220;xis&#8221;. Para os rapazes, o neoprene aparece como boa aposta do streetwear, j\u00e1 que \u00e9 do surf que vem a base da alfaiataria para palet\u00f3s, bermudas e cal\u00e7as sequinhas. O ano \u00e9 prop\u00edcio \u00e0 moda, pois logo come\u00e7am as Olimp\u00edadas em Londres. Selecionamos algumas pe\u00e7as direto das passarelas da Bienal para voc\u00ea ficar por dentro do que rolou no SPFW. Veja:<\/div>\n<div><\/div>\n<div>\n<div id=\"attachment_35175\" style=\"width: 410px\" class=\"wp-caption aligncenter\"><a class=\"lightbox\" title=\"SP Fashion Week - A tend\u00eancia esportiva que vai fazer o Ver\u00e3o 2013\" href=\"https:\/\/i0.wp.com\/www.agrund.com\/wp-content\/uploads\/2012\/06\/Alexandre-Herchcovitch-Foto-Ze-Takahashi.jpg\"><img aria-describedby=\"caption-attachment-35175\" decoding=\"async\" loading=\"lazy\" class=\"size-full wp-image-35175\" title=\"SP Fashion Week - A tend\u00eancia esportiva que vai fazer o Ver\u00e3o 2013\" src=\"https:\/\/i0.wp.com\/www.agrund.com\/wp-content\/uploads\/2012\/06\/Alexandre-Herchcovitch-Foto-Ze-Takahashi.jpg?resize=400%2C600\" alt=\"Alexandre Herchcovitch \" width=\"400\" height=\"600\" data-recalc-dims=\"1\" \/><\/a><p id=\"caption-attachment-35175\" class=\"wp-caption-text\">Alexandre Herchcovitch<\/p><\/div>\n<div id=\"attachment_35179\" style=\"width: 410px\" class=\"wp-caption aligncenter\"><a class=\"lightbox\" title=\"SP Fashion Week - A tend\u00eancia esportiva que vai fazer o Ver\u00e3o 2013\" href=\"https:\/\/i0.wp.com\/www.agrund.com\/wp-content\/uploads\/2012\/06\/Tufi-Duek.jpg\"><img aria-describedby=\"caption-attachment-35179\" decoding=\"async\" loading=\"lazy\" class=\"size-full wp-image-35179\" title=\"SP Fashion Week - A tend\u00eancia esportiva que vai fazer o Ver\u00e3o 2013\" src=\"https:\/\/i0.wp.com\/www.agrund.com\/wp-content\/uploads\/2012\/06\/Tufi-Duek.jpg?resize=400%2C600\" alt=\"Tufi Duek\" width=\"400\" height=\"600\" data-recalc-dims=\"1\" \/><\/a><p id=\"caption-attachment-35179\" class=\"wp-caption-text\">Tufi Duek<\/p><\/div>\n<div id=\"attachment_35177\" style=\"width: 410px\" class=\"wp-caption aligncenter\"><a class=\"lightbox\" title=\"SP Fashion Week - A tend\u00eancia esportiva que vai fazer o Ver\u00e3o 2013\" href=\"https:\/\/i0.wp.com\/www.agrund.com\/wp-content\/uploads\/2012\/06\/Colcci.jpg\"><img aria-describedby=\"caption-attachment-35177\" decoding=\"async\" loading=\"lazy\" class=\"size-full wp-image-35177\" title=\"SP Fashion Week - A tend\u00eancia esportiva que vai fazer o Ver\u00e3o 2013\" src=\"https:\/\/i0.wp.com\/www.agrund.com\/wp-content\/uploads\/2012\/06\/Colcci.jpg?resize=400%2C600\" alt=\"Colcci\" width=\"400\" height=\"600\" data-recalc-dims=\"1\" \/><\/a><p id=\"caption-attachment-35177\" class=\"wp-caption-text\">Colcci<\/p><\/div>\n<div id=\"attachment_35176\" style=\"width: 410px\" class=\"wp-caption aligncenter\"><a class=\"lightbox\" title=\"SP Fashion Week - A tend\u00eancia esportiva que vai fazer o Ver\u00e3o 2013\" href=\"https:\/\/i0.wp.com\/www.agrund.com\/wp-content\/uploads\/2012\/06\/Animale.jpg\"><img aria-describedby=\"caption-attachment-35176\" decoding=\"async\" loading=\"lazy\" class=\"size-full wp-image-35176\" title=\"SP Fashion Week - A tend\u00eancia esportiva que vai fazer o Ver\u00e3o 2013\" src=\"https:\/\/i0.wp.com\/www.agrund.com\/wp-content\/uploads\/2012\/06\/Animale.jpg?resize=400%2C600\" alt=\"Animale\" width=\"400\" height=\"600\" data-recalc-dims=\"1\" \/><\/a><p id=\"caption-attachment-35176\" class=\"wp-caption-text\">Animale<\/p><\/div>\n<\/div>\n<div><\/div>\n<div>Fotos por Andr\u00e9 Arthur e Ze Takahashi.<\/div>\n<div><img decoding=\"async\" src=\"https:\/\/i0.wp.com\/www.agrund.com\/wp-content\/themes\/FashionPlus\/images\/topo_moda_masculina.jpg\" alt=\"Moda Masculina\" data-recalc-dims=\"1\" \/><\/div>\n","protected":false},"excerpt":{"rendered":"<p>Uma tend\u00eancia forte deste SP Fashion Week, que terminou ontem, \u00e9 a volta do shape esportivo at\u00e9 mesmo em marcas nas quais o forte s\u00e3o as roupa de festa. Pode investir na bermuda \u00e0 moda ciclista, bem colada, na altura do joelho. A pe\u00e7a apareceu em diversas cole\u00e7\u00f5es, da vers\u00e3o\u00a0saf\u00e1ri\u00a0(Animale) \u00e0 fetiche (Cavalera), sobreposta com [&hellip;]<\/p>\n","protected":false},"author":8,"featured_media":35178,"comment_status":"open","ping_status":"open","sticky":false,"template":"","format":"standard","meta":{"jetpack_post_was_ever_published":false,"_jetpack_newsletter_access":"","jetpack_publicize_message":"","jetpack_is_tweetstorm":false,"jetpack_publicize_feature_enabled":true,"jetpack_social_post_already_shared":false,"jetpack_social_options":{"image_generator_settings":{"template":"highway","enabled":false}}},"categories":[6],"tags":[],"jetpack_publicize_connections":[],"jetpack_featured_media_url":"","jetpack_sharing_enabled":true,"jetpack_shortlink":"https:\/\/wp.me\/p3Hz0n-99k","jetpack_likes_enabled":true,"_links":{"self":[{"href":"https:\/\/agrund.com\/index.php\/wp-json\/wp\/v2\/posts\/35174"}],"collection":[{"href":"https:\/\/agrund.com\/index.php\/wp-json\/wp\/v2\/posts"}],"about":[{"href":"https:\/\/agrund.com\/index.php\/wp-json\/wp\/v2\/types\/post"}],"author":[{"embeddable":true,"href":"https:\/\/agrund.com\/index.php\/wp-json\/wp\/v2\/users\/8"}],"replies":[{"embeddable":true,"href":"https:\/\/agrund.com\/index.php\/wp-json\/wp\/v2\/comments?post=35174"}],"version-history":[{"count":0,"href":"https:\/\/agrund.com\/index.php\/wp-json\/wp\/v2\/posts\/35174\/revisions"}],"wp:featuredmedia":[{"embeddable":true,"href":"https:\/\/agrund.com\/index.php\/wp-json\/"}],"wp:attachment":[{"href":"https:\/\/agrund.com\/index.php\/wp-json\/wp\/v2\/media?parent=35174"}],"wp:term":[{"taxonomy":"category","embeddable":true,"href":"https:\/\/agrund.com\/index.php\/wp-json\/wp\/v2\/categories?post=35174"},{"taxonomy":"post_tag","embeddable":true,"href":"https:\/\/agrund.com\/index.php\/wp-json\/wp\/v2\/tags?post=35174"}],"curies":[{"name":"wp","href":"https:\/\/api.w.org\/{rel}","templated":true}]}}