{"id":35149,"date":"2012-06-18T15:00:28","date_gmt":"2012-06-18T18:00:28","guid":{"rendered":"http:\/\/www.agrund.com\/?p=35149"},"modified":"2012-06-18T15:00:28","modified_gmt":"2012-06-18T18:00:28","slug":"o-velho-e-bom-jeans","status":"publish","type":"post","link":"https:\/\/agrund.com\/index.php\/o-velho-e-bom-jeans\/","title":{"rendered":"O velho e bom jeans"},"content":{"rendered":"<p>Vamos falar um pouco da\u00a0hist\u00f3ria do jeans? O\u00a0tecido que deu origem a esta cal\u00e7a\u00a0surgiu no\u00a0s\u00e9culo XVII\u00a0na cidade de Nines,\u00a0Fran\u00e7a.\u00a0Os\u00a0marinheiros foram os primeiros\u00a0a usar e logo o tecido ficou conhecido como\u00a0denim.<\/p>\n<p>Mas, durante a\u00a0Febre do Ouro, o alem\u00e3o\u00a0Levi Strauss\u00a0chegou \u00e0 Calif\u00f3rnia para vender barracas de lona aos garimpeiros. A id\u00e9ia n\u00e3o vingou e ele resolveu\u00a0transformar as lonas em cal\u00e7as de trabalho\u00a0para os mineiros. Tempos depois, j\u00e1 com seu s\u00f3cio\u00a0Jacob Davis, come\u00e7ou a usar o\u00a0brim tingido de azul\u00a0(por meio de uma subst\u00e2ncia extra\u00edda de \u00e1rvores \u2013 o\u00a0\u00edndigo).<\/p>\n<p>No final da\u00a0d\u00e9cada de 40, jovens come\u00e7aram a usar\u00a0jeans\u00a0em\u00a0sinal de rebeldia. Da\u00ed,\u00a0foi um pulo para o cinema e para as passarelas.<\/p>\n<p>O nosso\u00a0velho e bom amigo continua em plena forma em 2o12,\u00a0faz parte da vida de todos n\u00f3s e ainda brilha nos desfiles do mundo inteiro. Na semana de moda do Rio &#8211;\u00a0Fashion Rio primavera ver\u00e3o 2013, ele\u00a0tamb\u00e9m passeou bel\u00edssimo!\u00a0Vamos ver como o jeans surge nesta temporada?<\/p>\n<div id=\"attachment_35150\" style=\"width: 410px\" class=\"wp-caption aligncenter\"><a class=\"lightbox\" title=\"jeans herchcovitch-fashionrio 1\" href=\"https:\/\/i0.wp.com\/www.agrund.com\/wp-content\/uploads\/2012\/06\/jeans-herchcovitch-fashionrio-1.jpg\"><img aria-describedby=\"caption-attachment-35150\" decoding=\"async\" loading=\"lazy\" class=\"size-full wp-image-35150\" title=\"jeans herchcovitch-fashionrio 1\" src=\"https:\/\/i0.wp.com\/www.agrund.com\/wp-content\/uploads\/2012\/06\/jeans-herchcovitch-fashionrio-1.jpg?resize=400%2C602\" alt=\" Herchcovitch\" width=\"400\" height=\"602\" data-recalc-dims=\"1\" \/><\/a><p id=\"caption-attachment-35150\" class=\"wp-caption-text\">Herchcovitch<\/p><\/div>\n<div id=\"attachment_35154\" style=\"width: 410px\" class=\"wp-caption aligncenter\"><a class=\"lightbox\" title=\" O velho e bom jeans\" href=\"https:\/\/i0.wp.com\/www.agrund.com\/wp-content\/uploads\/2012\/06\/jeans-tng-fashionrio-2.jpg\"><img aria-describedby=\"caption-attachment-35154\" decoding=\"async\" loading=\"lazy\" class=\"size-full wp-image-35154\" title=\" O velho e bom jeans\" src=\"https:\/\/i0.wp.com\/www.agrund.com\/wp-content\/uploads\/2012\/06\/jeans-tng-fashionrio-2.jpg?resize=400%2C602\" alt=\"TNG\" width=\"400\" height=\"602\" data-recalc-dims=\"1\" \/><\/a><p id=\"caption-attachment-35154\" class=\"wp-caption-text\">TNG<\/p><\/div>\n<div id=\"attachment_35153\" style=\"width: 410px\" class=\"wp-caption aligncenter\"><a class=\"lightbox\" title=\" O velho e bom jeans\" href=\"https:\/\/i0.wp.com\/www.agrund.com\/wp-content\/uploads\/2012\/06\/jeans-tng-fashionrio-1.jpg\"><img aria-describedby=\"caption-attachment-35153\" decoding=\"async\" loading=\"lazy\" class=\"size-full wp-image-35153\" title=\" O velho e bom jeans\" src=\"https:\/\/i0.wp.com\/www.agrund.com\/wp-content\/uploads\/2012\/06\/jeans-tng-fashionrio-1.jpg?resize=400%2C602\" alt=\"TNG\" width=\"400\" height=\"602\" data-recalc-dims=\"1\" \/><\/a><p id=\"caption-attachment-35153\" class=\"wp-caption-text\">TNG<\/p><\/div>\n<div id=\"attachment_35151\" style=\"width: 410px\" class=\"wp-caption aligncenter\"><a class=\"lightbox\" title=\" O velho e bom jeans\" href=\"https:\/\/i0.wp.com\/www.agrund.com\/wp-content\/uploads\/2012\/06\/jeans-herchcovitch-fashionrio-2.jpg\"><img aria-describedby=\"caption-attachment-35151\" decoding=\"async\" loading=\"lazy\" class=\"size-full wp-image-35151\" title=\" O velho e bom jeans\" src=\"https:\/\/i0.wp.com\/www.agrund.com\/wp-content\/uploads\/2012\/06\/jeans-herchcovitch-fashionrio-2.jpg?resize=400%2C602\" alt=\"Herchcovitch\" width=\"400\" height=\"602\" data-recalc-dims=\"1\" \/><\/a><p id=\"caption-attachment-35151\" class=\"wp-caption-text\">Herchcovitch<\/p><\/div>\n<div id=\"attachment_35150\" style=\"width: 410px\" class=\"wp-caption aligncenter\"><a class=\"lightbox\" title=\" O velho e bom jeans\" href=\"https:\/\/i0.wp.com\/www.agrund.com\/wp-content\/uploads\/2012\/06\/jeans-herchcovitch-fashionrio-1.jpg\"><img aria-describedby=\"caption-attachment-35150\" decoding=\"async\" loading=\"lazy\" class=\"size-full wp-image-35150\" title=\" O velho e bom jeans\" src=\"https:\/\/i0.wp.com\/www.agrund.com\/wp-content\/uploads\/2012\/06\/jeans-herchcovitch-fashionrio-1.jpg?resize=400%2C602\" alt=\" Herchcovitch\" width=\"400\" height=\"602\" data-recalc-dims=\"1\" \/><\/a><p id=\"caption-attachment-35150\" class=\"wp-caption-text\">Herchcovitch<\/p><\/div>\n<div id=\"attachment_35152\" style=\"width: 610px\" class=\"wp-caption aligncenter\"><a class=\"lightbox\" title=\" O velho e bom jeans\" href=\"https:\/\/i0.wp.com\/www.agrund.com\/wp-content\/uploads\/2012\/06\/jeANS-jU-aLI.jpg\"><img aria-describedby=\"caption-attachment-35152\" decoding=\"async\" loading=\"lazy\" class=\"size-full wp-image-35152\" title=\" O velho e bom jeans\" src=\"https:\/\/i0.wp.com\/www.agrund.com\/wp-content\/uploads\/2012\/06\/jeANS-jU-aLI.jpg?resize=600%2C430\" alt=\"Ju Ali\" width=\"600\" height=\"430\" data-recalc-dims=\"1\" \/><\/a><p id=\"caption-attachment-35152\" class=\"wp-caption-text\">Ju Ali<\/p><\/div>\n<div id=\"attachment_35155\" style=\"width: 610px\" class=\"wp-caption aligncenter\"><a class=\"lightbox\" title=\" O velho e bom jeans\" href=\"https:\/\/i0.wp.com\/www.agrund.com\/wp-content\/uploads\/2012\/06\/LeviStrauss.jpg\"><img aria-describedby=\"caption-attachment-35155\" decoding=\"async\" loading=\"lazy\" class=\"size-full wp-image-35155\" title=\" O velho e bom jeans\" src=\"https:\/\/i0.wp.com\/www.agrund.com\/wp-content\/uploads\/2012\/06\/LeviStrauss.jpg?resize=600%2C370\" alt=\"LeviStrauss\" width=\"600\" height=\"370\" data-recalc-dims=\"1\" \/><\/a><p id=\"caption-attachment-35155\" class=\"wp-caption-text\">LeviStrauss<\/p><\/div>\n<p>&nbsp;<\/p>\n<p>Imagens por Reprodu\u00e7\u00e3o.<\/p>\n<p><img decoding=\"async\" src=\"https:\/\/i0.wp.com\/www.agrund.com\/wp-content\/themes\/FashionPlus\/images\/topo_moda_masculina.jpg\" alt=\"Moda Masculina\" data-recalc-dims=\"1\" \/><\/p>\n","protected":false},"excerpt":{"rendered":"<p>Vamos falar um pouco da\u00a0hist\u00f3ria do jeans? O\u00a0tecido que deu origem a esta cal\u00e7a\u00a0surgiu no\u00a0s\u00e9culo XVII\u00a0na cidade de Nines,\u00a0Fran\u00e7a.\u00a0Os\u00a0marinheiros foram os primeiros\u00a0a usar e logo o tecido ficou conhecido como\u00a0denim. Mas, durante a\u00a0Febre do Ouro, o alem\u00e3o\u00a0Levi Strauss\u00a0chegou \u00e0 Calif\u00f3rnia para vender barracas de lona aos garimpeiros. A id\u00e9ia n\u00e3o vingou e ele resolveu\u00a0transformar as [&hellip;]<\/p>\n","protected":false},"author":8,"featured_media":35156,"comment_status":"open","ping_status":"open","sticky":false,"template":"","format":"standard","meta":{"jetpack_post_was_ever_published":false,"_jetpack_newsletter_access":"","jetpack_publicize_message":"","jetpack_is_tweetstorm":false,"jetpack_publicize_feature_enabled":true,"jetpack_social_post_already_shared":false,"jetpack_social_options":{"image_generator_settings":{"template":"highway","enabled":false}}},"categories":[6],"tags":[],"jetpack_publicize_connections":[],"jetpack_featured_media_url":"","jetpack_sharing_enabled":true,"jetpack_shortlink":"https:\/\/wp.me\/p3Hz0n-98V","jetpack_likes_enabled":true,"_links":{"self":[{"href":"https:\/\/agrund.com\/index.php\/wp-json\/wp\/v2\/posts\/35149"}],"collection":[{"href":"https:\/\/agrund.com\/index.php\/wp-json\/wp\/v2\/posts"}],"about":[{"href":"https:\/\/agrund.com\/index.php\/wp-json\/wp\/v2\/types\/post"}],"author":[{"embeddable":true,"href":"https:\/\/agrund.com\/index.php\/wp-json\/wp\/v2\/users\/8"}],"replies":[{"embeddable":true,"href":"https:\/\/agrund.com\/index.php\/wp-json\/wp\/v2\/comments?post=35149"}],"version-history":[{"count":0,"href":"https:\/\/agrund.com\/index.php\/wp-json\/wp\/v2\/posts\/35149\/revisions"}],"wp:featuredmedia":[{"embeddable":true,"href":"https:\/\/agrund.com\/index.php\/wp-json\/"}],"wp:attachment":[{"href":"https:\/\/agrund.com\/index.php\/wp-json\/wp\/v2\/media?parent=35149"}],"wp:term":[{"taxonomy":"category","embeddable":true,"href":"https:\/\/agrund.com\/index.php\/wp-json\/wp\/v2\/categories?post=35149"},{"taxonomy":"post_tag","embeddable":true,"href":"https:\/\/agrund.com\/index.php\/wp-json\/wp\/v2\/tags?post=35149"}],"curies":[{"name":"wp","href":"https:\/\/api.w.org\/{rel}","templated":true}]}}