{"id":35050,"date":"2012-06-16T21:26:49","date_gmt":"2012-06-17T00:26:49","guid":{"rendered":"http:\/\/www.agrund.com\/?p=35050"},"modified":"2012-06-16T21:26:49","modified_gmt":"2012-06-17T00:26:49","slug":"sp-fashion-week-o-arraia-backstage-de-samuel-cirnansck","status":"publish","type":"post","link":"https:\/\/agrund.com\/index.php\/sp-fashion-week-o-arraia-backstage-de-samuel-cirnansck\/","title":{"rendered":"SP Fashion Week : O Arrai\u00e1 do Backstage de Samuel Cirnansck"},"content":{"rendered":"<p>Depois de conferirmos o que est\u00e1 por vir nas passarelas do\u00a0SP Fashion Week\u00a0, logo mais, descobrimos que no pr\u00f3prio backstage de Samuel Cirnansck \u00a0estava rolando umas comidinhas t\u00edpicas de Festa Junina. E n\u00f3s do Agrund.com flagramos essas gostosuras. D\u00ea s\u00f3 uma olhadinha!<\/p>\n<div id=\"attachment_35056\" style=\"width: 576px\" class=\"wp-caption aligncenter\"><a class=\"lightbox\" title=\"SP Fashion Week : O Arrai\u00e1 do Backstage de Samuel Cirnansck \" href=\"https:\/\/i0.wp.com\/www.agrund.com\/wp-content\/uploads\/2012\/06\/110.jpg\"><img aria-describedby=\"caption-attachment-35056\" decoding=\"async\" loading=\"lazy\" class=\" wp-image-35056 \" title=\"SP Fashion Week : O Arrai\u00e1 do Backstage de Samuel Cirnansck \" src=\"https:\/\/i0.wp.com\/www.agrund.com\/wp-content\/uploads\/2012\/06\/110.jpg?resize=566%2C378\" alt=\"SP Fashion Week : O Arrai\u00e1 do Backstage de Samuel Cirnansck \" width=\"566\" height=\"378\" data-recalc-dims=\"1\" \/><\/a><p id=\"caption-attachment-35056\" class=\"wp-caption-text\">SP Fashion Week : O Arrai\u00e1 do Backstage de Samuel Cirnansck<\/p><\/div>\n<div id=\"attachment_35061\" style=\"width: 482px\" class=\"wp-caption aligncenter\"><a class=\"lightbox\" title=\"SP Fashion Week : O Arrai\u00e1 do Backstage de Samuel Cirnansck \" href=\"https:\/\/i0.wp.com\/www.agrund.com\/wp-content\/uploads\/2012\/06\/61.jpg\"><img aria-describedby=\"caption-attachment-35061\" decoding=\"async\" loading=\"lazy\" class=\"size-full wp-image-35061\" title=\"SP Fashion Week : O Arrai\u00e1 do Backstage de Samuel Cirnansck \" src=\"https:\/\/i0.wp.com\/www.agrund.com\/wp-content\/uploads\/2012\/06\/61.jpg?resize=472%2C708\" alt=\"SP Fashion Week : O Arrai\u00e1 do Backstage de Samuel Cirnansck \" width=\"472\" height=\"708\" data-recalc-dims=\"1\" \/><\/a><p id=\"caption-attachment-35061\" class=\"wp-caption-text\">SP Fashion Week : O Arrai\u00e1 do Backstage de Samuel Cirnansck<\/p><\/div>\n<div id=\"attachment_35057\" style=\"width: 482px\" class=\"wp-caption aligncenter\"><a class=\"lightbox\" title=\"SP Fashion Week : O Arrai\u00e1 do Backstage de Samuel Cirnansck \" href=\"https:\/\/i0.wp.com\/www.agrund.com\/wp-content\/uploads\/2012\/06\/28.jpg\"><img aria-describedby=\"caption-attachment-35057\" decoding=\"async\" loading=\"lazy\" class=\"size-full wp-image-35057\" title=\"SP Fashion Week : O Arrai\u00e1 do Backstage de Samuel Cirnansck \" src=\"https:\/\/i0.wp.com\/www.agrund.com\/wp-content\/uploads\/2012\/06\/28.jpg?resize=472%2C708\" alt=\"SP Fashion Week : O Arrai\u00e1 do Backstage de Samuel Cirnansck \" width=\"472\" height=\"708\" data-recalc-dims=\"1\" \/><\/a><p id=\"caption-attachment-35057\" class=\"wp-caption-text\">SP Fashion Week : O Arrai\u00e1 do Backstage de Samuel Cirnansck<\/p><\/div>\n<div id=\"attachment_35058\" style=\"width: 576px\" class=\"wp-caption aligncenter\"><a class=\"lightbox\" title=\"SP Fashion Week : O Arrai\u00e1 do Backstage de Samuel Cirnansck \" href=\"https:\/\/i0.wp.com\/www.agrund.com\/wp-content\/uploads\/2012\/06\/36.jpg\"><img aria-describedby=\"caption-attachment-35058\" decoding=\"async\" loading=\"lazy\" class=\" wp-image-35058 \" title=\"SP Fashion Week : O Arrai\u00e1 do Backstage de Samuel Cirnansck \" src=\"https:\/\/i0.wp.com\/www.agrund.com\/wp-content\/uploads\/2012\/06\/36.jpg?resize=566%2C378\" alt=\"SP Fashion Week : O Arrai\u00e1 do Backstage de Samuel Cirnansck \" width=\"566\" height=\"378\" data-recalc-dims=\"1\" \/><\/a><p id=\"caption-attachment-35058\" class=\"wp-caption-text\">SP Fashion Week : O Arrai\u00e1 do Backstage de Samuel Cirnansck<\/p><\/div>\n<div id=\"attachment_35060\" style=\"width: 482px\" class=\"wp-caption aligncenter\"><a class=\"lightbox\" title=\"SP Fashion Week : O Arrai\u00e1 do Backstage de Samuel Cirnansck \" href=\"https:\/\/i0.wp.com\/www.agrund.com\/wp-content\/uploads\/2012\/06\/54.jpg\"><img aria-describedby=\"caption-attachment-35060\" decoding=\"async\" loading=\"lazy\" class=\"size-full wp-image-35060\" title=\"SP Fashion Week : O Arrai\u00e1 do Backstage de Samuel Cirnansck \" src=\"https:\/\/i0.wp.com\/www.agrund.com\/wp-content\/uploads\/2012\/06\/54.jpg?resize=472%2C708\" alt=\"SP Fashion Week : O Arrai\u00e1 do Backstage de Samuel Cirnansck \" width=\"472\" height=\"708\" data-recalc-dims=\"1\" \/><\/a><p id=\"caption-attachment-35060\" class=\"wp-caption-text\">SP Fashion Week : O Arrai\u00e1 do Backstage de Samuel Cirnansck<\/p><\/div>\n<div id=\"attachment_35059\" style=\"width: 482px\" class=\"wp-caption aligncenter\"><a class=\"lightbox\" title=\"SP Fashion Week : O Arrai\u00e1 do Backstage de Samuel Cirnansck \" href=\"https:\/\/i0.wp.com\/www.agrund.com\/wp-content\/uploads\/2012\/06\/45.jpg\"><img aria-describedby=\"caption-attachment-35059\" decoding=\"async\" loading=\"lazy\" class=\"size-full wp-image-35059\" title=\"SP Fashion Week : O Arrai\u00e1 do Backstage de Samuel Cirnansck \" src=\"https:\/\/i0.wp.com\/www.agrund.com\/wp-content\/uploads\/2012\/06\/45.jpg?resize=472%2C708\" alt=\"SP Fashion Week : O Arrai\u00e1 do Backstage de Samuel Cirnansck \" width=\"472\" height=\"708\" data-recalc-dims=\"1\" \/><\/a><p id=\"caption-attachment-35059\" class=\"wp-caption-text\">SP Fashion Week : O Arrai\u00e1 do Backstage de Samuel Cirnansck<\/p><\/div>\n<p>&nbsp;<\/p>\n<p>Fotos por M\u00e1rcia Dias.<\/p>\n","protected":false},"excerpt":{"rendered":"<p>Depois de conferirmos o que est\u00e1 por vir nas passarelas do\u00a0SP Fashion Week\u00a0, logo mais, descobrimos que no pr\u00f3prio backstage de Samuel Cirnansck \u00a0estava rolando umas comidinhas t\u00edpicas de Festa Junina. E n\u00f3s do Agrund.com flagramos essas gostosuras. D\u00ea s\u00f3 uma olhadinha! &nbsp; Fotos por M\u00e1rcia Dias.<\/p>\n","protected":false},"author":8,"featured_media":35062,"comment_status":"open","ping_status":"open","sticky":false,"template":"","format":"standard","meta":{"jetpack_post_was_ever_published":false,"_jetpack_newsletter_access":"","jetpack_publicize_message":"","jetpack_is_tweetstorm":false,"jetpack_publicize_feature_enabled":true,"jetpack_social_post_already_shared":false,"jetpack_social_options":{"image_generator_settings":{"template":"highway","enabled":false}}},"categories":[2],"tags":[],"jetpack_publicize_connections":[],"jetpack_featured_media_url":"","jetpack_sharing_enabled":true,"jetpack_shortlink":"https:\/\/wp.me\/p3Hz0n-97k","jetpack_likes_enabled":true,"_links":{"self":[{"href":"https:\/\/agrund.com\/index.php\/wp-json\/wp\/v2\/posts\/35050"}],"collection":[{"href":"https:\/\/agrund.com\/index.php\/wp-json\/wp\/v2\/posts"}],"about":[{"href":"https:\/\/agrund.com\/index.php\/wp-json\/wp\/v2\/types\/post"}],"author":[{"embeddable":true,"href":"https:\/\/agrund.com\/index.php\/wp-json\/wp\/v2\/users\/8"}],"replies":[{"embeddable":true,"href":"https:\/\/agrund.com\/index.php\/wp-json\/wp\/v2\/comments?post=35050"}],"version-history":[{"count":0,"href":"https:\/\/agrund.com\/index.php\/wp-json\/wp\/v2\/posts\/35050\/revisions"}],"wp:featuredmedia":[{"embeddable":true,"href":"https:\/\/agrund.com\/index.php\/wp-json\/"}],"wp:attachment":[{"href":"https:\/\/agrund.com\/index.php\/wp-json\/wp\/v2\/media?parent=35050"}],"wp:term":[{"taxonomy":"category","embeddable":true,"href":"https:\/\/agrund.com\/index.php\/wp-json\/wp\/v2\/categories?post=35050"},{"taxonomy":"post_tag","embeddable":true,"href":"https:\/\/agrund.com\/index.php\/wp-json\/wp\/v2\/tags?post=35050"}],"curies":[{"name":"wp","href":"https:\/\/api.w.org\/{rel}","templated":true}]}}