{"id":34614,"date":"2012-06-15T17:33:06","date_gmt":"2012-06-15T20:33:06","guid":{"rendered":"http:\/\/www.agrund.com\/?p=34614"},"modified":"2012-06-15T17:33:06","modified_gmt":"2012-06-15T20:33:06","slug":"sp-fashion-week-inspiracao-ii-guerra-mundial-na-beleza-alexandre-herchcovitch-homem","status":"publish","type":"post","link":"https:\/\/agrund.com\/index.php\/sp-fashion-week-inspiracao-ii-guerra-mundial-na-beleza-alexandre-herchcovitch-homem\/","title":{"rendered":"SP Fashion Week &#8211; Inspira\u00e7\u00e3o II Guerra Mundial na beleza Alexandre Herchcovitch Homem"},"content":{"rendered":"<p>Assinada por Celso Kamura, a beleza de Alexandre Herchcovitch homem nesta edi\u00e7\u00e3o do SP Fashion Week, foi inspirada na II Guerra Mundial. Alguns modelos entrar\u00e3o totalmente caracterizados de oriental, com direito a coque e\u00a0olho puxado, outros somente com leve topete. Na pele foi aplicado um p\u00f3 com efeito oleoso. Estamos loucos para ver!<\/p>\n<div id=\"attachment_34617\" style=\"width: 482px\" class=\"wp-caption aligncenter\"><a class=\"lightbox\" title=\"SP Fashion Week - Inspira\u00e7\u00e3o II Guerra Mundial na beleza Alexandre Herchcovitch Homem\" href=\"https:\/\/i0.wp.com\/www.agrund.com\/wp-content\/uploads\/2012\/06\/IMG_9721.jpg\"><img aria-describedby=\"caption-attachment-34617\" decoding=\"async\" loading=\"lazy\" class=\"size-full wp-image-34617\" title=\"SP Fashion Week - Inspira\u00e7\u00e3o II Guerra Mundial na beleza Alexandre Herchcovitch Homem\" src=\"https:\/\/i0.wp.com\/www.agrund.com\/wp-content\/uploads\/2012\/06\/IMG_9721.jpg?resize=472%2C708\" alt=\"SP Fashion Week - Inspira\u00e7\u00e3o II Guerra Mundial na beleza Alexandre Herchcovitch Homem\" width=\"472\" height=\"708\" data-recalc-dims=\"1\" \/><\/a><p id=\"caption-attachment-34617\" class=\"wp-caption-text\">SP Fashion Week - Inspira\u00e7\u00e3o II Guerra Mundial na beleza Alexandre Herchcovitch Homem<\/p><\/div>\n<div id=\"attachment_34618\" style=\"width: 482px\" class=\"wp-caption aligncenter\"><a class=\"lightbox\" title=\"SP Fashion Week - Inspira\u00e7\u00e3o II Guerra Mundial na beleza Alexandre Herchcovitch Homem\" href=\"https:\/\/i0.wp.com\/www.agrund.com\/wp-content\/uploads\/2012\/06\/IMG_9735.jpg\"><img aria-describedby=\"caption-attachment-34618\" decoding=\"async\" loading=\"lazy\" class=\"size-full wp-image-34618\" title=\"SP Fashion Week - Inspira\u00e7\u00e3o II Guerra Mundial na beleza Alexandre Herchcovitch Homem\" src=\"https:\/\/i0.wp.com\/www.agrund.com\/wp-content\/uploads\/2012\/06\/IMG_9735.jpg?resize=472%2C708\" alt=\"SP Fashion Week - Inspira\u00e7\u00e3o II Guerra Mundial na beleza Alexandre Herchcovitch Homem\" width=\"472\" height=\"708\" data-recalc-dims=\"1\" \/><\/a><p id=\"caption-attachment-34618\" class=\"wp-caption-text\">SP Fashion Week - Inspira\u00e7\u00e3o II Guerra Mundial na beleza Alexandre Herchcovitch Homem<\/p><\/div>\n<div id=\"attachment_34616\" style=\"width: 482px\" class=\"wp-caption aligncenter\"><a class=\"lightbox\" title=\"SP Fashion Week - Inspira\u00e7\u00e3o II Guerra Mundial na beleza Alexandre Herchcovitch Homem\" href=\"https:\/\/i0.wp.com\/www.agrund.com\/wp-content\/uploads\/2012\/06\/IMG_9714.jpg\"><img aria-describedby=\"caption-attachment-34616\" decoding=\"async\" loading=\"lazy\" class=\"size-full wp-image-34616\" title=\"SP Fashion Week - Inspira\u00e7\u00e3o II Guerra Mundial na beleza Alexandre Herchcovitch Homem\" src=\"https:\/\/i0.wp.com\/www.agrund.com\/wp-content\/uploads\/2012\/06\/IMG_9714.jpg?resize=472%2C708\" alt=\"SP Fashion Week - Inspira\u00e7\u00e3o II Guerra Mundial na beleza Alexandre Herchcovitch Homem\" width=\"472\" height=\"708\" data-recalc-dims=\"1\" \/><\/a><p id=\"caption-attachment-34616\" class=\"wp-caption-text\">SP Fashion Week - Inspira\u00e7\u00e3o II Guerra Mundial na beleza Alexandre Herchcovitch Homem<\/p><\/div>\n<div id=\"attachment_34615\" style=\"width: 482px\" class=\"wp-caption aligncenter\"><a class=\"lightbox\" title=\"SP Fashion Week - Inspira\u00e7\u00e3o II Guerra Mundial na beleza Alexandre Herchcovitch Homem\" href=\"https:\/\/i0.wp.com\/www.agrund.com\/wp-content\/uploads\/2012\/06\/IMG_9709.jpg\"><img aria-describedby=\"caption-attachment-34615\" decoding=\"async\" loading=\"lazy\" class=\"size-full wp-image-34615\" title=\"SP Fashion Week - Inspira\u00e7\u00e3o II Guerra Mundial na beleza Alexandre Herchcovitch Homem\" src=\"https:\/\/i0.wp.com\/www.agrund.com\/wp-content\/uploads\/2012\/06\/IMG_9709.jpg?resize=472%2C708\" alt=\"SP Fashion Week - Inspira\u00e7\u00e3o II Guerra Mundial na beleza Alexandre Herchcovitch Homem\" width=\"472\" height=\"708\" data-recalc-dims=\"1\" \/><\/a><p id=\"caption-attachment-34615\" class=\"wp-caption-text\">SP Fashion Week - Inspira\u00e7\u00e3o II Guerra Mundial na beleza Alexandre Herchcovitch Homem<\/p><\/div>\n<div id=\"attachment_34620\" style=\"width: 482px\" class=\"wp-caption aligncenter\"><a class=\"lightbox\" title=\"SP Fashion Week - Inspira\u00e7\u00e3o II Guerra Mundial na beleza Alexandre Herchcovitch Homem\" href=\"https:\/\/i0.wp.com\/www.agrund.com\/wp-content\/uploads\/2012\/06\/IMG_9765.jpg\"><img aria-describedby=\"caption-attachment-34620\" decoding=\"async\" loading=\"lazy\" class=\"size-full wp-image-34620\" title=\"SP Fashion Week - Inspira\u00e7\u00e3o II Guerra Mundial na beleza Alexandre Herchcovitch Homem\" src=\"https:\/\/i0.wp.com\/www.agrund.com\/wp-content\/uploads\/2012\/06\/IMG_9765.jpg?resize=472%2C708\" alt=\"SP Fashion Week - Inspira\u00e7\u00e3o II Guerra Mundial na beleza Alexandre Herchcovitch Homem\" width=\"472\" height=\"708\" data-recalc-dims=\"1\" \/><\/a><p id=\"caption-attachment-34620\" class=\"wp-caption-text\">SP Fashion Week - Inspira\u00e7\u00e3o II Guerra Mundial na beleza Alexandre Herchcovitch Homem<\/p><\/div>\n<div id=\"attachment_34619\" style=\"width: 482px\" class=\"wp-caption aligncenter\"><a class=\"lightbox\" title=\"SP Fashion Week - Inspira\u00e7\u00e3o II Guerra Mundial na beleza Alexandre Herchcovitch Homem\" href=\"https:\/\/i0.wp.com\/www.agrund.com\/wp-content\/uploads\/2012\/06\/IMG_9758.jpg\"><img aria-describedby=\"caption-attachment-34619\" decoding=\"async\" loading=\"lazy\" class=\"size-full wp-image-34619\" title=\"SP Fashion Week - Inspira\u00e7\u00e3o II Guerra Mundial na beleza Alexandre Herchcovitch Homem\" src=\"https:\/\/i0.wp.com\/www.agrund.com\/wp-content\/uploads\/2012\/06\/IMG_9758.jpg?resize=472%2C708\" alt=\"SP Fashion Week - Inspira\u00e7\u00e3o II Guerra Mundial na beleza Alexandre Herchcovitch Homem\" width=\"472\" height=\"708\" data-recalc-dims=\"1\" \/><\/a><p id=\"caption-attachment-34619\" class=\"wp-caption-text\">SP Fashion Week - Inspira\u00e7\u00e3o II Guerra Mundial na beleza Alexandre Herchcovitch Homem<\/p><\/div>\n<p>&nbsp;<\/p>\n<p>Fotos por M\u00e1rcia Dias.<\/p>\n","protected":false},"excerpt":{"rendered":"<p>Assinada por Celso Kamura, a beleza de Alexandre Herchcovitch homem nesta edi\u00e7\u00e3o do SP Fashion Week, foi inspirada na II Guerra Mundial. Alguns modelos entrar\u00e3o totalmente caracterizados de oriental, com direito a coque e\u00a0olho puxado, outros somente com leve topete. Na pele foi aplicado um p\u00f3 com efeito oleoso. Estamos loucos para ver! &nbsp; Fotos [&hellip;]<\/p>\n","protected":false},"author":8,"featured_media":34621,"comment_status":"open","ping_status":"open","sticky":false,"template":"","format":"standard","meta":{"jetpack_post_was_ever_published":false,"_jetpack_newsletter_access":"","jetpack_publicize_message":"","jetpack_is_tweetstorm":false,"jetpack_publicize_feature_enabled":true,"jetpack_social_post_already_shared":false,"jetpack_social_options":{"image_generator_settings":{"template":"highway","enabled":false}}},"categories":[2],"tags":[],"jetpack_publicize_connections":[],"jetpack_featured_media_url":"","jetpack_sharing_enabled":true,"jetpack_shortlink":"https:\/\/wp.me\/p3Hz0n-90i","jetpack_likes_enabled":true,"_links":{"self":[{"href":"https:\/\/agrund.com\/index.php\/wp-json\/wp\/v2\/posts\/34614"}],"collection":[{"href":"https:\/\/agrund.com\/index.php\/wp-json\/wp\/v2\/posts"}],"about":[{"href":"https:\/\/agrund.com\/index.php\/wp-json\/wp\/v2\/types\/post"}],"author":[{"embeddable":true,"href":"https:\/\/agrund.com\/index.php\/wp-json\/wp\/v2\/users\/8"}],"replies":[{"embeddable":true,"href":"https:\/\/agrund.com\/index.php\/wp-json\/wp\/v2\/comments?post=34614"}],"version-history":[{"count":0,"href":"https:\/\/agrund.com\/index.php\/wp-json\/wp\/v2\/posts\/34614\/revisions"}],"wp:featuredmedia":[{"embeddable":true,"href":"https:\/\/agrund.com\/index.php\/wp-json\/"}],"wp:attachment":[{"href":"https:\/\/agrund.com\/index.php\/wp-json\/wp\/v2\/media?parent=34614"}],"wp:term":[{"taxonomy":"category","embeddable":true,"href":"https:\/\/agrund.com\/index.php\/wp-json\/wp\/v2\/categories?post=34614"},{"taxonomy":"post_tag","embeddable":true,"href":"https:\/\/agrund.com\/index.php\/wp-json\/wp\/v2\/tags?post=34614"}],"curies":[{"name":"wp","href":"https:\/\/api.w.org\/{rel}","templated":true}]}}