{"id":34606,"date":"2012-06-15T19:00:41","date_gmt":"2012-06-15T22:00:41","guid":{"rendered":"http:\/\/www.agrund.com\/?p=34606"},"modified":"2012-06-15T19:00:41","modified_gmt":"2012-06-15T22:00:41","slug":"sp-fashion-week-jogo-da-beleza","status":"publish","type":"post","link":"https:\/\/agrund.com\/index.php\/sp-fashion-week-jogo-da-beleza\/","title":{"rendered":"SP Fashion Week &#8211; Jogo da beleza"},"content":{"rendered":"<div id=\"fb-root\"><\/div>\n<p><code>\/\/ <\/code><\/p>\n<p>Falta apenas um dia para terminar o SP Fashion Week e j\u00e1 podemos apontar as tend\u00eancinhas para o ver\u00e3o 2013 no quesito beleza. Prepare o boc\u00e3o para arrasar com batom laranja, com gloss. Os olhos tamb\u00e9m ser\u00e3o destacados, com sombras met\u00e1licas (em especial as cores cobre e marrom), c\u00f4ncavo bem preenchido, muita m\u00e1scara para c\u00edlios na cor preta e o delinedor mais gr\u00e1fico deixa o make up rocker e futurista. Selecionamos cinco produ\u00e7\u00f5es de marcas que j\u00e1 desfilaram aqui na Bienal para voc\u00ea escolher a sua favorita. E, claro, al\u00e9m de ficar por dentro do que rola na semana de moda mais badalada do Brasil, se inspirar. Vote!<\/p>\n<p>&nbsp;<\/p>\n<div id=\"attachment_34689\" style=\"width: 420px\" class=\"wp-caption aligncenter\"><a class=\"lightbox\" title=\"Uma\" href=\"https:\/\/i0.wp.com\/www.agrund.com\/wp-content\/uploads\/2012\/06\/uma.jpg\"><img aria-describedby=\"caption-attachment-34689\" decoding=\"async\" loading=\"lazy\" class=\"size-full wp-image-34689\" title=\"Uma\" src=\"https:\/\/i0.wp.com\/www.agrund.com\/wp-content\/uploads\/2012\/06\/uma.jpg?resize=410%2C615\" alt=\"Uma\" width=\"410\" height=\"615\" data-recalc-dims=\"1\" \/><\/a><p id=\"caption-attachment-34689\" class=\"wp-caption-text\">Uma<\/p><\/div>\n<div class=\"fb-like\"><\/div>\n<p>&nbsp;<\/p>\n<div id=\"attachment_34688\" style=\"width: 420px\" class=\"wp-caption aligncenter\"><a class=\"lightbox\" title=\"Ronaldo Fraga\" href=\"https:\/\/i0.wp.com\/www.agrund.com\/wp-content\/uploads\/2012\/06\/Ronaldo-Fraga.jpg\"><img aria-describedby=\"caption-attachment-34688\" decoding=\"async\" loading=\"lazy\" class=\"size-full wp-image-34688\" title=\"Ronaldo Fraga\" src=\"https:\/\/i0.wp.com\/www.agrund.com\/wp-content\/uploads\/2012\/06\/Ronaldo-Fraga.jpg?resize=410%2C615\" alt=\"Ronaldo Fraga\" width=\"410\" height=\"615\" data-recalc-dims=\"1\" \/><\/a><p id=\"caption-attachment-34688\" class=\"wp-caption-text\">Ronaldo Fraga<\/p><\/div>\n<div class=\"fb-like\"><\/div>\n<p>&nbsp;<\/p>\n<div id=\"attachment_34687\" style=\"width: 420px\" class=\"wp-caption aligncenter\"><a class=\"lightbox\" title=\"Juliana Jabour\" href=\"https:\/\/i0.wp.com\/www.agrund.com\/wp-content\/uploads\/2012\/06\/Juliana-Jabour.jpg\"><img aria-describedby=\"caption-attachment-34687\" decoding=\"async\" loading=\"lazy\" class=\"size-full wp-image-34687\" title=\"Juliana Jabour\" src=\"https:\/\/i0.wp.com\/www.agrund.com\/wp-content\/uploads\/2012\/06\/Juliana-Jabour.jpg?resize=410%2C615\" alt=\"Juliana Jabour\" width=\"410\" height=\"615\" data-recalc-dims=\"1\" \/><\/a><p id=\"caption-attachment-34687\" class=\"wp-caption-text\">Juliana Jabour<\/p><\/div>\n<div class=\"fb-like\"><\/div>\n<p>&nbsp;<\/p>\n<div id=\"attachment_34685\" style=\"width: 420px\" class=\"wp-caption aligncenter\"><a class=\"lightbox\" title=\"Forum\" href=\"https:\/\/i0.wp.com\/www.agrund.com\/wp-content\/uploads\/2012\/06\/Forum.jpg\"><img aria-describedby=\"caption-attachment-34685\" decoding=\"async\" loading=\"lazy\" class=\"size-full wp-image-34685\" title=\"Forum\" src=\"https:\/\/i0.wp.com\/www.agrund.com\/wp-content\/uploads\/2012\/06\/Forum.jpg?resize=410%2C615\" alt=\"Forum\" width=\"410\" height=\"615\" data-recalc-dims=\"1\" \/><\/a><p id=\"caption-attachment-34685\" class=\"wp-caption-text\">ForumEllus<\/p><\/div>\n<div class=\"fb-like\"><\/div>\n<p>&nbsp;<\/p>\n<div id=\"attachment_34686\" style=\"width: 420px\" class=\"wp-caption aligncenter\"><a class=\"lightbox\" title=\"Iodice\" href=\"https:\/\/i0.wp.com\/www.agrund.com\/wp-content\/uploads\/2012\/06\/Iodice.jpg\"><img aria-describedby=\"caption-attachment-34686\" decoding=\"async\" loading=\"lazy\" class=\"size-full wp-image-34686\" title=\"Iodice\" src=\"https:\/\/i0.wp.com\/www.agrund.com\/wp-content\/uploads\/2012\/06\/Iodice.jpg?resize=410%2C615\" alt=\"Iodice\" width=\"410\" height=\"615\" data-recalc-dims=\"1\" \/><\/a><p id=\"caption-attachment-34686\" class=\"wp-caption-text\">Iodice<\/p><\/div>\n<div class=\"fb-like\"><\/div>\n","protected":false},"excerpt":{"rendered":"<p>\/\/ Falta apenas um dia para terminar o SP Fashion Week e j\u00e1 podemos apontar as tend\u00eancinhas para o ver\u00e3o 2013 no quesito beleza. Prepare o boc\u00e3o para arrasar com batom laranja, com gloss. Os olhos tamb\u00e9m ser\u00e3o destacados, com sombras met\u00e1licas (em especial as cores cobre e marrom), c\u00f4ncavo bem preenchido, muita m\u00e1scara para [&hellip;]<\/p>\n","protected":false},"author":8,"featured_media":34699,"comment_status":"open","ping_status":"open","sticky":false,"template":"","format":"standard","meta":{"jetpack_post_was_ever_published":false,"_jetpack_newsletter_access":"","jetpack_publicize_message":"","jetpack_is_tweetstorm":false,"jetpack_publicize_feature_enabled":true,"jetpack_social_post_already_shared":false,"jetpack_social_options":{"image_generator_settings":{"template":"highway","enabled":false}}},"categories":[2],"tags":[],"jetpack_publicize_connections":[],"jetpack_featured_media_url":"","jetpack_sharing_enabled":true,"jetpack_shortlink":"https:\/\/wp.me\/p3Hz0n-90a","jetpack_likes_enabled":true,"_links":{"self":[{"href":"https:\/\/agrund.com\/index.php\/wp-json\/wp\/v2\/posts\/34606"}],"collection":[{"href":"https:\/\/agrund.com\/index.php\/wp-json\/wp\/v2\/posts"}],"about":[{"href":"https:\/\/agrund.com\/index.php\/wp-json\/wp\/v2\/types\/post"}],"author":[{"embeddable":true,"href":"https:\/\/agrund.com\/index.php\/wp-json\/wp\/v2\/users\/8"}],"replies":[{"embeddable":true,"href":"https:\/\/agrund.com\/index.php\/wp-json\/wp\/v2\/comments?post=34606"}],"version-history":[{"count":0,"href":"https:\/\/agrund.com\/index.php\/wp-json\/wp\/v2\/posts\/34606\/revisions"}],"wp:featuredmedia":[{"embeddable":true,"href":"https:\/\/agrund.com\/index.php\/wp-json\/"}],"wp:attachment":[{"href":"https:\/\/agrund.com\/index.php\/wp-json\/wp\/v2\/media?parent=34606"}],"wp:term":[{"taxonomy":"category","embeddable":true,"href":"https:\/\/agrund.com\/index.php\/wp-json\/wp\/v2\/categories?post=34606"},{"taxonomy":"post_tag","embeddable":true,"href":"https:\/\/agrund.com\/index.php\/wp-json\/wp\/v2\/tags?post=34606"}],"curies":[{"name":"wp","href":"https:\/\/api.w.org\/{rel}","templated":true}]}}