{"id":34166,"date":"2012-06-13T21:31:29","date_gmt":"2012-06-14T00:31:29","guid":{"rendered":"http:\/\/www.agrund.com\/?p=34166"},"modified":"2012-06-13T21:31:29","modified_gmt":"2012-06-14T00:31:29","slug":"sp-fashion-week-beleza-terrosa-na-forum-verao-201","status":"publish","type":"post","link":"https:\/\/agrund.com\/index.php\/sp-fashion-week-beleza-terrosa-na-forum-verao-201\/","title":{"rendered":"SP Fashion Week &#8211; Beleza terrosa na Forum Ver\u00e3o 2013"},"content":{"rendered":"<div>\n<div>\n<div>\n<div>\n<div>Anote a\u00ed mais uma tend\u00eancia do Ver\u00e3o 2013 deste SP Fashion Week: olhos bem marcados com c\u00f4ncavo marrom. Assim \u00e9 a beleza da Forum, que volta \u00e0s passarelas paulistanas nesta noite. Quem assina a maquiagem e cabelo \u00e9 Robert Estev\u00e3o, que alisou as madeixas para tr\u00e1s e tratou de iluminar os olhos marrons. Nos c\u00edlios, ele aplica m\u00e1scara com efeito alongador. A ma\u00e7\u00e3 do rosto \u00e9 marcada e a pele \u00e9 levemente corrigida. Para a boca, batom laranja coberto com gloss, outra mistura que vai dar o que falar na pr\u00f3xima esta\u00e7\u00e3o quente.<\/div>\n<\/div>\n<div><\/div>\n<\/div>\n<div>\n<div id=\"attachment_34167\" style=\"width: 482px\" class=\"wp-caption aligncenter\"><a class=\"lightbox\" title=\"SP Fashion Week - Beleza terrosa na Forum Ver\u00e3o 2013\" href=\"https:\/\/i0.wp.com\/www.agrund.com\/wp-content\/uploads\/2012\/06\/IMG_9194.jpg\"><img aria-describedby=\"caption-attachment-34167\" decoding=\"async\" loading=\"lazy\" class=\"size-full wp-image-34167\" src=\"https:\/\/i0.wp.com\/www.agrund.com\/wp-content\/uploads\/2012\/06\/IMG_9194.jpg?resize=472%2C708\" alt=\"SP Fashion Week - Beleza terrosa na Forum Ver\u00e3o 2013\" width=\"472\" height=\"708\" data-recalc-dims=\"1\" \/><\/a><p id=\"caption-attachment-34167\" class=\"wp-caption-text\">SP Fashion Week - Beleza terrosa na Forum Ver\u00e3o 2013<\/p><\/div>\n<div id=\"attachment_34168\" style=\"width: 482px\" class=\"wp-caption aligncenter\"><a class=\"lightbox\" title=\"SP Fashion Week - Beleza terrosa na Forum Ver\u00e3o 2013\" href=\"https:\/\/i0.wp.com\/www.agrund.com\/wp-content\/uploads\/2012\/06\/IMG_9206.jpg\"><img aria-describedby=\"caption-attachment-34168\" decoding=\"async\" loading=\"lazy\" class=\"size-full wp-image-34168\" src=\"https:\/\/i0.wp.com\/www.agrund.com\/wp-content\/uploads\/2012\/06\/IMG_9206.jpg?resize=472%2C315\" alt=\"SP Fashion Week - Beleza terrosa na Forum Ver\u00e3o 2013\" width=\"472\" height=\"315\" data-recalc-dims=\"1\" \/><\/a><p id=\"caption-attachment-34168\" class=\"wp-caption-text\">SP Fashion Week - Beleza terrosa na Forum Ver\u00e3o 2013<\/p><\/div>\n<div id=\"attachment_34169\" style=\"width: 482px\" class=\"wp-caption aligncenter\"><a class=\"lightbox\" title=\"SP Fashion Week - Beleza terrosa na Forum Ver\u00e3o 2013\" href=\"https:\/\/i0.wp.com\/www.agrund.com\/wp-content\/uploads\/2012\/06\/IMG_9210.jpg\"><img aria-describedby=\"caption-attachment-34169\" decoding=\"async\" loading=\"lazy\" class=\"size-full wp-image-34169\" src=\"https:\/\/i0.wp.com\/www.agrund.com\/wp-content\/uploads\/2012\/06\/IMG_9210.jpg?resize=472%2C708\" alt=\"SP Fashion Week - Beleza terrosa na Forum Ver\u00e3o 2013\" width=\"472\" height=\"708\" data-recalc-dims=\"1\" \/><\/a><p id=\"caption-attachment-34169\" class=\"wp-caption-text\">SP Fashion Week - Beleza terrosa na Forum Ver\u00e3o 2013<\/p><\/div>\n<p>&nbsp;<\/p>\n<p>Fotos por M\u00e1rcia Dias.<\/p>\n<\/div>\n<\/div>\n<\/div>\n<div><\/div>\n","protected":false},"excerpt":{"rendered":"<p>Anote a\u00ed mais uma tend\u00eancia do Ver\u00e3o 2013 deste SP Fashion Week: olhos bem marcados com c\u00f4ncavo marrom. Assim \u00e9 a beleza da Forum, que volta \u00e0s passarelas paulistanas nesta noite. Quem assina a maquiagem e cabelo \u00e9 Robert Estev\u00e3o, que alisou as madeixas para tr\u00e1s e tratou de iluminar os olhos marrons. Nos c\u00edlios, [&hellip;]<\/p>\n","protected":false},"author":8,"featured_media":34170,"comment_status":"open","ping_status":"open","sticky":false,"template":"","format":"standard","meta":{"jetpack_post_was_ever_published":false,"_jetpack_newsletter_access":"","jetpack_publicize_message":"","jetpack_is_tweetstorm":false,"jetpack_publicize_feature_enabled":true,"jetpack_social_post_already_shared":false,"jetpack_social_options":{"image_generator_settings":{"template":"highway","enabled":false}}},"categories":[2],"tags":[],"jetpack_publicize_connections":[],"jetpack_featured_media_url":"","jetpack_sharing_enabled":true,"jetpack_shortlink":"https:\/\/wp.me\/p3Hz0n-8T4","jetpack_likes_enabled":true,"_links":{"self":[{"href":"https:\/\/agrund.com\/index.php\/wp-json\/wp\/v2\/posts\/34166"}],"collection":[{"href":"https:\/\/agrund.com\/index.php\/wp-json\/wp\/v2\/posts"}],"about":[{"href":"https:\/\/agrund.com\/index.php\/wp-json\/wp\/v2\/types\/post"}],"author":[{"embeddable":true,"href":"https:\/\/agrund.com\/index.php\/wp-json\/wp\/v2\/users\/8"}],"replies":[{"embeddable":true,"href":"https:\/\/agrund.com\/index.php\/wp-json\/wp\/v2\/comments?post=34166"}],"version-history":[{"count":0,"href":"https:\/\/agrund.com\/index.php\/wp-json\/wp\/v2\/posts\/34166\/revisions"}],"wp:featuredmedia":[{"embeddable":true,"href":"https:\/\/agrund.com\/index.php\/wp-json\/"}],"wp:attachment":[{"href":"https:\/\/agrund.com\/index.php\/wp-json\/wp\/v2\/media?parent=34166"}],"wp:term":[{"taxonomy":"category","embeddable":true,"href":"https:\/\/agrund.com\/index.php\/wp-json\/wp\/v2\/categories?post=34166"},{"taxonomy":"post_tag","embeddable":true,"href":"https:\/\/agrund.com\/index.php\/wp-json\/wp\/v2\/tags?post=34166"}],"curies":[{"name":"wp","href":"https:\/\/api.w.org\/{rel}","templated":true}]}}