{"id":3387,"date":"2011-01-29T15:43:33","date_gmt":"2011-01-29T17:43:33","guid":{"rendered":"http:\/\/www.agrund.com\/blogs\/notas\/?p=3387"},"modified":"2011-01-29T15:43:33","modified_gmt":"2011-01-29T17:43:33","slug":"beleza-ghetz","status":"publish","type":"post","link":"https:\/\/agrund.com\/index.php\/beleza-ghetz\/","title":{"rendered":"BELEZA GHETZ"},"content":{"rendered":"<p>A Ghetz estr\u00e9ia na SPFW com a beleza assinada por Daniel Hernandez. O agrund.com estava por l\u00e1 para te mostrar em primeira m\u00e3o o que est\u00e1 acontecendo no backstage do desfile que come\u00e7a em alguns minutos. Andrea Ulsenheimer, maquiadora Esquadr\u00e3o da Moda, estava na equipe!<\/p>\n<p style=\"text-align: center\"><a href=\"https:\/\/i0.wp.com\/www.agrund.com\/files\/2011\/01\/16.jpg\"><img decoding=\"async\" loading=\"lazy\" class=\"aligncenter size-large wp-image-3388\" src=\"https:\/\/i0.wp.com\/www.agrund.com\/arquivo\/notas\/files\/2011\/01\/16-1024x682.jpg?resize=494%2C328\" alt=\"\" width=\"494\" height=\"328\" data-recalc-dims=\"1\" \/><\/a><\/p>\n<p style=\"text-align: center\"><a href=\"https:\/\/i0.wp.com\/www.agrund.com\/files\/2011\/01\/26.jpg\"><img decoding=\"async\" loading=\"lazy\" class=\"aligncenter size-large wp-image-3389\" src=\"https:\/\/i0.wp.com\/www.agrund.com\/arquivo\/notas\/files\/2011\/01\/26-682x1024.jpg?resize=409%2C614\" alt=\"\" width=\"409\" height=\"614\" data-recalc-dims=\"1\" \/><\/a><\/p>\n<p>A pele apareceu leve e corrigida, sem r\u00edmel e com muito curvex contrastando com a\u00a0boca bem marcada em um\u00a0vermelho opaco.<\/p>\n<p style=\"text-align: center\"><a href=\"https:\/\/i0.wp.com\/www.agrund.com\/files\/2011\/01\/35.jpg\"><img decoding=\"async\" loading=\"lazy\" class=\"aligncenter size-large wp-image-3390\" src=\"https:\/\/i0.wp.com\/www.agrund.com\/arquivo\/notas\/files\/2011\/01\/35-1024x682.jpg?resize=494%2C328\" alt=\"\" width=\"494\" height=\"328\" data-recalc-dims=\"1\" \/><\/a><\/p>\n<p style=\"text-align: center\"><a href=\"https:\/\/i0.wp.com\/www.agrund.com\/files\/2011\/01\/46.jpg\"><img decoding=\"async\" loading=\"lazy\" class=\"aligncenter size-large wp-image-3391\" src=\"https:\/\/i0.wp.com\/www.agrund.com\/arquivo\/notas\/files\/2011\/01\/46-682x1024.jpg?resize=409%2C614\" alt=\"\" width=\"409\" height=\"614\" data-recalc-dims=\"1\" \/><\/a><\/p>\n<p>O cabelo aparece totalmente frizado e preso em um rabo de cavalo.<\/p>\n<div id=\"attachment_3393\" style=\"width: 484px\" class=\"wp-caption aligncenter\"><a href=\"https:\/\/i0.wp.com\/www.agrund.com\/files\/2011\/01\/65.jpg\"><img aria-describedby=\"caption-attachment-3393\" decoding=\"async\" loading=\"lazy\" class=\"size-large wp-image-3393 \" src=\"https:\/\/i0.wp.com\/www.agrund.com\/arquivo\/notas\/files\/2011\/01\/65-1024x682.jpg?resize=474%2C314\" alt=\"\" width=\"474\" height=\"314\" data-recalc-dims=\"1\" \/><\/a><p id=\"caption-attachment-3393\" class=\"wp-caption-text\">Andrea Ulsenheimer do Esquadr\u00e3o da Moda tamb\u00e9m estava por l\u00e1!<\/p><\/div>\n<p style=\"text-align: center\"><a href=\"https:\/\/i0.wp.com\/www.agrund.com\/files\/2011\/01\/7.jpg\"><img decoding=\"async\" loading=\"lazy\" class=\"aligncenter size-large wp-image-3394\" src=\"https:\/\/i0.wp.com\/www.agrund.com\/arquivo\/notas\/files\/2011\/01\/7-682x1024.jpg?resize=409%2C614\" alt=\"\" width=\"409\" height=\"614\" data-recalc-dims=\"1\" \/><\/a><\/p>\n<p style=\"text-align: center\">fotos por Andr\u00e9 Arthur<\/p>\n","protected":false},"excerpt":{"rendered":"<p>A Ghetz estr\u00e9ia na SPFW com a beleza assinada por Daniel Hernandez. O agrund.com estava por l\u00e1 para te mostrar em primeira m\u00e3o o que est\u00e1 acontecendo no backstage do desfile que come\u00e7a em alguns minutos. Andrea Ulsenheimer, maquiadora Esquadr\u00e3o da Moda, estava na equipe! A pele apareceu leve e corrigida, sem r\u00edmel e com [&hellip;]<\/p>\n","protected":false},"author":8,"featured_media":3388,"comment_status":"open","ping_status":"open","sticky":false,"template":"","format":"standard","meta":{"jetpack_post_was_ever_published":false,"_jetpack_newsletter_access":"","jetpack_publicize_message":"","jetpack_is_tweetstorm":false,"jetpack_publicize_feature_enabled":true,"jetpack_social_post_already_shared":false,"jetpack_social_options":{"image_generator_settings":{"template":"highway","enabled":false}}},"categories":[2],"tags":[],"jetpack_publicize_connections":[],"jetpack_featured_media_url":"","jetpack_sharing_enabled":true,"jetpack_shortlink":"https:\/\/wp.me\/p3Hz0n-SD","jetpack_likes_enabled":true,"_links":{"self":[{"href":"https:\/\/agrund.com\/index.php\/wp-json\/wp\/v2\/posts\/3387"}],"collection":[{"href":"https:\/\/agrund.com\/index.php\/wp-json\/wp\/v2\/posts"}],"about":[{"href":"https:\/\/agrund.com\/index.php\/wp-json\/wp\/v2\/types\/post"}],"author":[{"embeddable":true,"href":"https:\/\/agrund.com\/index.php\/wp-json\/wp\/v2\/users\/8"}],"replies":[{"embeddable":true,"href":"https:\/\/agrund.com\/index.php\/wp-json\/wp\/v2\/comments?post=3387"}],"version-history":[{"count":0,"href":"https:\/\/agrund.com\/index.php\/wp-json\/wp\/v2\/posts\/3387\/revisions"}],"wp:featuredmedia":[{"embeddable":true,"href":"https:\/\/agrund.com\/index.php\/wp-json\/"}],"wp:attachment":[{"href":"https:\/\/agrund.com\/index.php\/wp-json\/wp\/v2\/media?parent=3387"}],"wp:term":[{"taxonomy":"category","embeddable":true,"href":"https:\/\/agrund.com\/index.php\/wp-json\/wp\/v2\/categories?post=3387"},{"taxonomy":"post_tag","embeddable":true,"href":"https:\/\/agrund.com\/index.php\/wp-json\/wp\/v2\/tags?post=3387"}],"curies":[{"name":"wp","href":"https:\/\/api.w.org\/{rel}","templated":true}]}}