{"id":33678,"date":"2012-06-12T15:30:20","date_gmt":"2012-06-12T18:30:20","guid":{"rendered":"http:\/\/www.agrund.com\/?p=33678"},"modified":"2012-06-12T15:30:20","modified_gmt":"2012-06-12T18:30:20","slug":"sp-fashion-week-backstage-ellus","status":"publish","type":"post","link":"https:\/\/agrund.com\/index.php\/sp-fashion-week-backstage-ellus\/","title":{"rendered":"SP Fashion Week &#8211; Backstage Ellus"},"content":{"rendered":"<p>Antes mesmo do desfile come\u00e7ar j\u00e1 podemos adiantar para voc\u00ea que o que aparecer\u00e1 na passarela como proposta para o ver\u00e3o 2013 da marca na SP Fashion Week. Muita jaqueta com pedraria, ankle boots. Para os meninos sapato inclusive com pedras encrustadas. A cartela de cores vai do preto, branco, cinza, metalizados, azul royal.<\/p>\n<p>&nbsp;<\/p>\n<p>&nbsp;<\/p>\n<div id=\"attachment_33685\" style=\"width: 482px\" class=\"wp-caption aligncenter\"><a class=\"lightbox\" title=\"sp-fashion-week-arara-ellus-agrund (1)\" href=\"https:\/\/i0.wp.com\/www.agrund.com\/wp-content\/uploads\/2012\/06\/sp-fashion-week-arara-ellus-agrund-1.jpg\"><img aria-describedby=\"caption-attachment-33685\" decoding=\"async\" loading=\"lazy\" class=\"size-full wp-image-33685\" title=\"sp-fashion-week-arara-ellus-agrund (1)\" src=\"https:\/\/i0.wp.com\/www.agrund.com\/wp-content\/uploads\/2012\/06\/sp-fashion-week-arara-ellus-agrund-1.jpg?resize=472%2C315\" alt=\"SP Fashion Week - Backstage Ellus\" width=\"472\" height=\"315\" data-recalc-dims=\"1\" \/><\/a><p id=\"caption-attachment-33685\" class=\"wp-caption-text\">SP Fashion Week - Backstage Ellus<\/p><\/div>\n<div id=\"attachment_33686\" style=\"width: 482px\" class=\"wp-caption aligncenter\"><a class=\"lightbox\" title=\"sp-fashion-week-arara-ellus-agrund (2)\" href=\"https:\/\/i0.wp.com\/www.agrund.com\/wp-content\/uploads\/2012\/06\/sp-fashion-week-arara-ellus-agrund-2.jpg\"><img aria-describedby=\"caption-attachment-33686\" decoding=\"async\" loading=\"lazy\" class=\"size-full wp-image-33686\" title=\"sp-fashion-week-arara-ellus-agrund (2)\" src=\"https:\/\/i0.wp.com\/www.agrund.com\/wp-content\/uploads\/2012\/06\/sp-fashion-week-arara-ellus-agrund-2.jpg?resize=472%2C315\" alt=\"SP Fashion Week - Backstage Ellus\" width=\"472\" height=\"315\" data-recalc-dims=\"1\" \/><\/a><p id=\"caption-attachment-33686\" class=\"wp-caption-text\">SP Fashion Week - Backstage Ellus<\/p><\/div>\n<div id=\"attachment_33687\" style=\"width: 482px\" class=\"wp-caption aligncenter\"><a class=\"lightbox\" title=\"sp-fashion-week-arara-ellus-agrund (3)\" href=\"https:\/\/i0.wp.com\/www.agrund.com\/wp-content\/uploads\/2012\/06\/sp-fashion-week-arara-ellus-agrund-3.jpg\"><img aria-describedby=\"caption-attachment-33687\" decoding=\"async\" loading=\"lazy\" class=\"size-full wp-image-33687\" title=\"sp-fashion-week-arara-ellus-agrund (3)\" src=\"https:\/\/i0.wp.com\/www.agrund.com\/wp-content\/uploads\/2012\/06\/sp-fashion-week-arara-ellus-agrund-3.jpg?resize=472%2C315\" alt=\"SP Fashion Week - Backstage Ellus\" width=\"472\" height=\"315\" data-recalc-dims=\"1\" \/><\/a><p id=\"caption-attachment-33687\" class=\"wp-caption-text\">SP Fashion Week - Backstage Ellus<\/p><\/div>\n<div id=\"attachment_33688\" style=\"width: 482px\" class=\"wp-caption aligncenter\"><a class=\"lightbox\" title=\"sp-fashion-week-arara-ellus-agrund (4)\" href=\"https:\/\/i0.wp.com\/www.agrund.com\/wp-content\/uploads\/2012\/06\/sp-fashion-week-arara-ellus-agrund-4.jpg\"><img aria-describedby=\"caption-attachment-33688\" decoding=\"async\" loading=\"lazy\" class=\"size-full wp-image-33688\" title=\"sp-fashion-week-arara-ellus-agrund (4)\" src=\"https:\/\/i0.wp.com\/www.agrund.com\/wp-content\/uploads\/2012\/06\/sp-fashion-week-arara-ellus-agrund-4.jpg?resize=472%2C708\" alt=\"SP Fashion Week - Backstage Ellus\" width=\"472\" height=\"708\" data-recalc-dims=\"1\" \/><\/a><p id=\"caption-attachment-33688\" class=\"wp-caption-text\">SP Fashion Week - Backstage Ellus<\/p><\/div>\n<div id=\"attachment_33689\" style=\"width: 482px\" class=\"wp-caption aligncenter\"><a class=\"lightbox\" title=\"sp-fashion-week-arara-ellus-agrund (5)\" href=\"https:\/\/i0.wp.com\/www.agrund.com\/wp-content\/uploads\/2012\/06\/sp-fashion-week-arara-ellus-agrund-5.jpg\"><img aria-describedby=\"caption-attachment-33689\" decoding=\"async\" loading=\"lazy\" class=\"size-full wp-image-33689\" title=\"sp-fashion-week-arara-ellus-agrund (5)\" src=\"https:\/\/i0.wp.com\/www.agrund.com\/wp-content\/uploads\/2012\/06\/sp-fashion-week-arara-ellus-agrund-5.jpg?resize=472%2C708\" alt=\"SP Fashion Week - Backstage Ellus\" width=\"472\" height=\"708\" data-recalc-dims=\"1\" \/><\/a><p id=\"caption-attachment-33689\" class=\"wp-caption-text\">SP Fashion Week - Backstage Ellus<\/p><\/div>\n<p>&nbsp;<\/p>\n<div id=\"attachment_33690\" style=\"width: 325px\" class=\"wp-caption aligncenter\"><a class=\"lightbox\" title=\"sp-fashion-week-arara-ellus-agrund (6)\" href=\"https:\/\/i0.wp.com\/www.agrund.com\/wp-content\/uploads\/2012\/06\/sp-fashion-week-arara-ellus-agrund-6.jpg\"><img aria-describedby=\"caption-attachment-33690\" decoding=\"async\" loading=\"lazy\" class=\"size-full wp-image-33690\" title=\"sp-fashion-week-arara-ellus-agrund (6)\" src=\"https:\/\/i0.wp.com\/www.agrund.com\/wp-content\/uploads\/2012\/06\/sp-fashion-week-arara-ellus-agrund-6-e1339525759407.jpg?resize=315%2C472\" alt=\"SP Fashion Week - Backstage Ellus\" width=\"315\" height=\"472\" data-recalc-dims=\"1\" \/><\/a><p id=\"caption-attachment-33690\" class=\"wp-caption-text\">SP Fashion Week - Backstage Ellus<\/p><\/div>\n<div id=\"attachment_33691\" style=\"width: 325px\" class=\"wp-caption aligncenter\"><a class=\"lightbox\" title=\"sp-fashion-week-arara-ellus-agrund (7)\" href=\"https:\/\/i0.wp.com\/www.agrund.com\/wp-content\/uploads\/2012\/06\/sp-fashion-week-arara-ellus-agrund-7.jpg\"><img aria-describedby=\"caption-attachment-33691\" decoding=\"async\" loading=\"lazy\" class=\"size-full wp-image-33691\" title=\"sp-fashion-week-arara-ellus-agrund (7)\" src=\"https:\/\/i0.wp.com\/www.agrund.com\/wp-content\/uploads\/2012\/06\/sp-fashion-week-arara-ellus-agrund-7-e1339525791671.jpg?resize=315%2C472\" alt=\"SP Fashion Week - Backstage Ellus\" width=\"315\" height=\"472\" data-recalc-dims=\"1\" \/><\/a><p id=\"caption-attachment-33691\" class=\"wp-caption-text\">SP Fashion Week - Backstage Ellus<\/p><\/div>\n<p>Fotos por Murilo Mahler.<\/p>\n","protected":false},"excerpt":{"rendered":"<p>Antes mesmo do desfile come\u00e7ar j\u00e1 podemos adiantar para voc\u00ea que o que aparecer\u00e1 na passarela como proposta para o ver\u00e3o 2013 da marca na SP Fashion Week. Muita jaqueta com pedraria, ankle boots. Para os meninos sapato inclusive com pedras encrustadas. A cartela de cores vai do preto, branco, cinza, metalizados, azul royal. &nbsp; [&hellip;]<\/p>\n","protected":false},"author":8,"featured_media":33684,"comment_status":"open","ping_status":"open","sticky":false,"template":"","format":"standard","meta":{"jetpack_post_was_ever_published":false,"_jetpack_newsletter_access":"","jetpack_publicize_message":"","jetpack_is_tweetstorm":false,"jetpack_publicize_feature_enabled":true,"jetpack_social_post_already_shared":false,"jetpack_social_options":{"image_generator_settings":{"template":"highway","enabled":false}}},"categories":[2],"tags":[],"jetpack_publicize_connections":[],"jetpack_featured_media_url":"","jetpack_sharing_enabled":true,"jetpack_shortlink":"https:\/\/wp.me\/p3Hz0n-8Lc","jetpack_likes_enabled":true,"_links":{"self":[{"href":"https:\/\/agrund.com\/index.php\/wp-json\/wp\/v2\/posts\/33678"}],"collection":[{"href":"https:\/\/agrund.com\/index.php\/wp-json\/wp\/v2\/posts"}],"about":[{"href":"https:\/\/agrund.com\/index.php\/wp-json\/wp\/v2\/types\/post"}],"author":[{"embeddable":true,"href":"https:\/\/agrund.com\/index.php\/wp-json\/wp\/v2\/users\/8"}],"replies":[{"embeddable":true,"href":"https:\/\/agrund.com\/index.php\/wp-json\/wp\/v2\/comments?post=33678"}],"version-history":[{"count":0,"href":"https:\/\/agrund.com\/index.php\/wp-json\/wp\/v2\/posts\/33678\/revisions"}],"wp:featuredmedia":[{"embeddable":true,"href":"https:\/\/agrund.com\/index.php\/wp-json\/"}],"wp:attachment":[{"href":"https:\/\/agrund.com\/index.php\/wp-json\/wp\/v2\/media?parent=33678"}],"wp:term":[{"taxonomy":"category","embeddable":true,"href":"https:\/\/agrund.com\/index.php\/wp-json\/wp\/v2\/categories?post=33678"},{"taxonomy":"post_tag","embeddable":true,"href":"https:\/\/agrund.com\/index.php\/wp-json\/wp\/v2\/tags?post=33678"}],"curies":[{"name":"wp","href":"https:\/\/api.w.org\/{rel}","templated":true}]}}