{"id":33590,"date":"2012-06-12T10:00:09","date_gmt":"2012-06-12T13:00:09","guid":{"rendered":"http:\/\/www.agrund.com\/?p=33590"},"modified":"2012-06-12T10:00:09","modified_gmt":"2012-06-12T13:00:09","slug":"make-be-no-sp-fashion-week","status":"publish","type":"post","link":"https:\/\/agrund.com\/index.php\/make-be-no-sp-fashion-week\/","title":{"rendered":"Make Be no SP fashion Week"},"content":{"rendered":"<p>Pegamos a estudante de Moda Gabriela Yuhara para fazer um antes e depois para O Agrund.com, e claro com muita simpatia ela encarou nossa proposta. E j\u00e1 que estava por l\u00e1 nossa fot\u00f3grafa social M\u00e1rcia Dias tamb\u00e9m entrou na \u201c brincadeira\u201d.Aproveite as dicas do maquiador Diogo Moreira.<\/p>\n<p>&nbsp;<\/p>\n<p>Gabriela &#8211; Teve os olhos delineados tipo \u201cgatinho\u201d, com muita m\u00e1scara de c\u00edlios e c\u00f4ncavo levemente marcado. Na boca apenas batom claro com um leve brilho, \u00f3timo make par fazer um estilo.<\/p>\n<p>&nbsp;<\/p>\n<div id=\"attachment_33591\" style=\"width: 482px\" class=\"wp-caption aligncenter\"><a class=\"lightbox\" title=\"sp-fashion week (1)\" href=\"https:\/\/i0.wp.com\/www.agrund.com\/wp-content\/uploads\/2012\/06\/sp-fashion-week-1.jpg\"><img aria-describedby=\"caption-attachment-33591\" decoding=\"async\" loading=\"lazy\" class=\"size-full wp-image-33591 \" title=\"sp-fashion week (1)\" src=\"https:\/\/i0.wp.com\/www.agrund.com\/wp-content\/uploads\/2012\/06\/sp-fashion-week-1.jpg?resize=472%2C708\" alt=\"Make Be no SP fashion Week\" width=\"472\" height=\"708\" data-recalc-dims=\"1\" \/><\/a><p id=\"caption-attachment-33591\" class=\"wp-caption-text\">Make Be no SP fashion Week &#8211; Gabriela<\/p><\/div>\n<div id=\"attachment_33595\" style=\"width: 482px\" class=\"wp-caption aligncenter\"><a class=\"lightbox\" title=\"sp-fashion week (5)\" href=\"https:\/\/i0.wp.com\/www.agrund.com\/wp-content\/uploads\/2012\/06\/sp-fashion-week-5.jpg\"><img aria-describedby=\"caption-attachment-33595\" decoding=\"async\" loading=\"lazy\" class=\"size-full wp-image-33595 \" title=\"sp-fashion week (5)\" src=\"https:\/\/i0.wp.com\/www.agrund.com\/wp-content\/uploads\/2012\/06\/sp-fashion-week-5.jpg?resize=472%2C708\" alt=\"Make Be no SP fashion Week\" width=\"472\" height=\"708\" data-recalc-dims=\"1\" \/><\/a><p id=\"caption-attachment-33595\" class=\"wp-caption-text\">Make Be no SP fashion Week &#8211; Gabriela<\/p><\/div>\n<div id=\"attachment_33594\" style=\"width: 482px\" class=\"wp-caption aligncenter\"><a class=\"lightbox\" title=\"sp-fashion week (4)\" href=\"https:\/\/i0.wp.com\/www.agrund.com\/wp-content\/uploads\/2012\/06\/sp-fashion-week-4.jpg\"><img aria-describedby=\"caption-attachment-33594\" decoding=\"async\" loading=\"lazy\" class=\"size-full wp-image-33594 \" title=\"sp-fashion week (4)\" src=\"https:\/\/i0.wp.com\/www.agrund.com\/wp-content\/uploads\/2012\/06\/sp-fashion-week-4.jpg?resize=472%2C315\" alt=\"Make Be no SP fashion Week\" width=\"472\" height=\"315\" data-recalc-dims=\"1\" \/><\/a><p id=\"caption-attachment-33594\" class=\"wp-caption-text\">Make Be no SP fashion Week &#8211; Gabriela<\/p><\/div>\n<div id=\"attachment_33593\" style=\"width: 482px\" class=\"wp-caption aligncenter\"><a class=\"lightbox\" title=\"sp-fashion week (3)\" href=\"https:\/\/i0.wp.com\/www.agrund.com\/wp-content\/uploads\/2012\/06\/sp-fashion-week-3.jpg\"><img aria-describedby=\"caption-attachment-33593\" decoding=\"async\" loading=\"lazy\" class=\"size-full wp-image-33593 \" title=\"sp-fashion week (3)\" src=\"https:\/\/i0.wp.com\/www.agrund.com\/wp-content\/uploads\/2012\/06\/sp-fashion-week-3.jpg?resize=472%2C315\" alt=\"Make Be no SP fashion Week\" width=\"472\" height=\"315\" data-recalc-dims=\"1\" \/><\/a><p id=\"caption-attachment-33593\" class=\"wp-caption-text\">Make Be no SP fashion Week &#8211; Gabriela<\/p><\/div>\n<div id=\"attachment_33592\" style=\"width: 482px\" class=\"wp-caption aligncenter\"><a class=\"lightbox\" title=\"sp-fashion week (2)\" href=\"https:\/\/i0.wp.com\/www.agrund.com\/wp-content\/uploads\/2012\/06\/sp-fashion-week-2.jpg\"><img aria-describedby=\"caption-attachment-33592\" decoding=\"async\" loading=\"lazy\" class=\"size-full wp-image-33592 \" title=\"sp-fashion week (2)\" src=\"https:\/\/i0.wp.com\/www.agrund.com\/wp-content\/uploads\/2012\/06\/sp-fashion-week-2.jpg?resize=472%2C708\" alt=\"Make Be no SP fashion Week\" width=\"472\" height=\"708\" data-recalc-dims=\"1\" \/><\/a><p id=\"caption-attachment-33592\" class=\"wp-caption-text\">Make Be no SP fashion Week &#8211; Gabriela<\/p><\/div>\n<div id=\"attachment_33596\" style=\"width: 482px\" class=\"wp-caption aligncenter\"><a class=\"lightbox\" title=\"sp-fashion week (6)\" href=\"https:\/\/i0.wp.com\/www.agrund.com\/wp-content\/uploads\/2012\/06\/sp-fashion-week-6.jpg\"><img aria-describedby=\"caption-attachment-33596\" decoding=\"async\" loading=\"lazy\" class=\"size-full wp-image-33596 \" title=\"sp-fashion week (6)\" src=\"https:\/\/i0.wp.com\/www.agrund.com\/wp-content\/uploads\/2012\/06\/sp-fashion-week-6.jpg?resize=472%2C708\" alt=\"Make Be no SP fashion Week\" width=\"472\" height=\"708\" data-recalc-dims=\"1\" \/><\/a><p id=\"caption-attachment-33596\" class=\"wp-caption-text\">Make Be no SP fashion Week &#8211; Gabriela<\/p><\/div>\n<p>M\u00e1rcia &#8211; Optamos por um look mais noturno, com olhos bem escuros e esfuma\u00e7ados e \u00a0muita m\u00e1scara de c\u00edlios. Finalizando com sombra verde e gloss. Gostaram?<\/p>\n<div id=\"attachment_33598\" style=\"width: 482px\" class=\"wp-caption aligncenter\"><a class=\"lightbox\" title=\"make be (31)\" href=\"https:\/\/i0.wp.com\/www.agrund.com\/wp-content\/uploads\/2012\/06\/make-be-31.jpg\"><img aria-describedby=\"caption-attachment-33598\" decoding=\"async\" loading=\"lazy\" class=\"size-full wp-image-33598\" title=\"make be (31)\" src=\"https:\/\/i0.wp.com\/www.agrund.com\/wp-content\/uploads\/2012\/06\/make-be-31.jpg?resize=472%2C708\" alt=\"Make Be no SP fashion Week - M\u00e1rcia\" width=\"472\" height=\"708\" data-recalc-dims=\"1\" \/><\/a><p id=\"caption-attachment-33598\" class=\"wp-caption-text\">Make Be no SP fashion Week &#8211; M\u00e1rcia<\/p><\/div>\n<div id=\"attachment_33599\" style=\"width: 482px\" class=\"wp-caption aligncenter\"><a class=\"lightbox\" title=\"make be (36)\" href=\"https:\/\/i0.wp.com\/www.agrund.com\/wp-content\/uploads\/2012\/06\/make-be-36.jpg\"><img aria-describedby=\"caption-attachment-33599\" decoding=\"async\" loading=\"lazy\" class=\"size-full wp-image-33599\" title=\"make be (36)\" src=\"https:\/\/i0.wp.com\/www.agrund.com\/wp-content\/uploads\/2012\/06\/make-be-36.jpg?resize=472%2C315\" alt=\"Make Be no SP fashion Week - M\u00e1rcia\" width=\"472\" height=\"315\" data-recalc-dims=\"1\" \/><\/a><p id=\"caption-attachment-33599\" class=\"wp-caption-text\">Make Be no SP fashion Week &#8211; M\u00e1rcia<\/p><\/div>\n<div id=\"attachment_33601\" style=\"width: 482px\" class=\"wp-caption aligncenter\"><a class=\"lightbox\" title=\"make be (41)\" href=\"https:\/\/i0.wp.com\/www.agrund.com\/wp-content\/uploads\/2012\/06\/make-be-41.jpg\"><img aria-describedby=\"caption-attachment-33601\" decoding=\"async\" loading=\"lazy\" class=\"size-full wp-image-33601\" title=\"make be (41)\" src=\"https:\/\/i0.wp.com\/www.agrund.com\/wp-content\/uploads\/2012\/06\/make-be-41.jpg?resize=472%2C708\" alt=\"Make Be no SP fashion Week - M\u00e1rcia\" width=\"472\" height=\"708\" data-recalc-dims=\"1\" \/><\/a><p id=\"caption-attachment-33601\" class=\"wp-caption-text\">Make Be no SP fashion Week &#8211; M\u00e1rcia<\/p><\/div>\n<div id=\"attachment_33602\" style=\"width: 482px\" class=\"wp-caption aligncenter\"><a class=\"lightbox\" title=\"make be (53)\" href=\"https:\/\/i0.wp.com\/www.agrund.com\/wp-content\/uploads\/2012\/06\/make-be-53.jpg\"><img aria-describedby=\"caption-attachment-33602\" decoding=\"async\" loading=\"lazy\" class=\"size-full wp-image-33602\" title=\"make be (53)\" src=\"https:\/\/i0.wp.com\/www.agrund.com\/wp-content\/uploads\/2012\/06\/make-be-53.jpg?resize=472%2C315\" alt=\"Make Be no SP fashion Week - M\u00e1rcia\" width=\"472\" height=\"315\" data-recalc-dims=\"1\" \/><\/a><p id=\"caption-attachment-33602\" class=\"wp-caption-text\">Make Be no SP fashion Week &#8211; M\u00e1rcia<\/p><\/div>\n<div id=\"attachment_33603\" style=\"width: 482px\" class=\"wp-caption aligncenter\"><a class=\"lightbox\" title=\"make be (63)\" href=\"https:\/\/i0.wp.com\/www.agrund.com\/wp-content\/uploads\/2012\/06\/make-be-63.jpg\"><img aria-describedby=\"caption-attachment-33603\" decoding=\"async\" loading=\"lazy\" class=\"size-full wp-image-33603\" title=\"make be (63)\" src=\"https:\/\/i0.wp.com\/www.agrund.com\/wp-content\/uploads\/2012\/06\/make-be-63.jpg?resize=472%2C708\" alt=\"Make Be no SP fashion Week - M\u00e1rcia\" width=\"472\" height=\"708\" data-recalc-dims=\"1\" \/><\/a><p id=\"caption-attachment-33603\" class=\"wp-caption-text\">Make Be no SP fashion Week &#8211; M\u00e1rcia<\/p><\/div>\n<div id=\"attachment_33604\" style=\"width: 482px\" class=\"wp-caption aligncenter\"><a class=\"lightbox\" title=\"make be (67)\" href=\"https:\/\/i0.wp.com\/www.agrund.com\/wp-content\/uploads\/2012\/06\/make-be-67.jpg\"><img aria-describedby=\"caption-attachment-33604\" decoding=\"async\" loading=\"lazy\" class=\"size-full wp-image-33604\" title=\"make be (67)\" src=\"https:\/\/i0.wp.com\/www.agrund.com\/wp-content\/uploads\/2012\/06\/make-be-67.jpg?resize=472%2C315\" alt=\"Make Be no SP fashion Week - M\u00e1rcia\" width=\"472\" height=\"315\" data-recalc-dims=\"1\" \/><\/a><p id=\"caption-attachment-33604\" class=\"wp-caption-text\">Make Be no SP fashion Week &#8211; M\u00e1rcia<\/p><\/div>\n<p>Fotos por Murilo Mahler e Marcia Dias.<\/p>\n","protected":false},"excerpt":{"rendered":"<p>Pegamos a estudante de Moda Gabriela Yuhara para fazer um antes e depois para O Agrund.com, e claro com muita simpatia ela encarou nossa proposta. E j\u00e1 que estava por l\u00e1 nossa fot\u00f3grafa social M\u00e1rcia Dias tamb\u00e9m entrou na \u201c brincadeira\u201d.Aproveite as dicas do maquiador Diogo Moreira. &nbsp; Gabriela &#8211; Teve os olhos delineados tipo [&hellip;]<\/p>\n","protected":false},"author":8,"featured_media":33658,"comment_status":"open","ping_status":"open","sticky":false,"template":"","format":"standard","meta":{"jetpack_post_was_ever_published":false,"_jetpack_newsletter_access":"","jetpack_publicize_message":"","jetpack_is_tweetstorm":false,"jetpack_publicize_feature_enabled":true,"jetpack_social_post_already_shared":false,"jetpack_social_options":{"image_generator_settings":{"template":"highway","enabled":false}}},"categories":[2],"tags":[],"jetpack_publicize_connections":[],"jetpack_featured_media_url":"","jetpack_sharing_enabled":true,"jetpack_shortlink":"https:\/\/wp.me\/p3Hz0n-8JM","jetpack_likes_enabled":true,"_links":{"self":[{"href":"https:\/\/agrund.com\/index.php\/wp-json\/wp\/v2\/posts\/33590"}],"collection":[{"href":"https:\/\/agrund.com\/index.php\/wp-json\/wp\/v2\/posts"}],"about":[{"href":"https:\/\/agrund.com\/index.php\/wp-json\/wp\/v2\/types\/post"}],"author":[{"embeddable":true,"href":"https:\/\/agrund.com\/index.php\/wp-json\/wp\/v2\/users\/8"}],"replies":[{"embeddable":true,"href":"https:\/\/agrund.com\/index.php\/wp-json\/wp\/v2\/comments?post=33590"}],"version-history":[{"count":0,"href":"https:\/\/agrund.com\/index.php\/wp-json\/wp\/v2\/posts\/33590\/revisions"}],"wp:featuredmedia":[{"embeddable":true,"href":"https:\/\/agrund.com\/index.php\/wp-json\/"}],"wp:attachment":[{"href":"https:\/\/agrund.com\/index.php\/wp-json\/wp\/v2\/media?parent=33590"}],"wp:term":[{"taxonomy":"category","embeddable":true,"href":"https:\/\/agrund.com\/index.php\/wp-json\/wp\/v2\/categories?post=33590"},{"taxonomy":"post_tag","embeddable":true,"href":"https:\/\/agrund.com\/index.php\/wp-json\/wp\/v2\/tags?post=33590"}],"curies":[{"name":"wp","href":"https:\/\/api.w.org\/{rel}","templated":true}]}}