{"id":33313,"date":"2012-06-11T16:06:44","date_gmt":"2012-06-11T19:06:44","guid":{"rendered":"http:\/\/www.agrund.com\/?p=33313"},"modified":"2012-06-11T16:06:44","modified_gmt":"2012-06-11T19:06:44","slug":"sp-fashion-week-impala-nude-classico-no-desfile-da-animale","status":"publish","type":"post","link":"https:\/\/agrund.com\/index.php\/sp-fashion-week-impala-nude-classico-no-desfile-da-animale\/","title":{"rendered":"SP Fashion Week : Impala nude cl\u00e1ssico no desfile da Animale"},"content":{"rendered":"<p>A equipe do\u00a0<a href=\"http:\/\/agrund.com\/\" target=\"_blank\">agrund.com<\/a>\u00a0j\u00e1 est\u00e1 \u00e1 todo vapor aqui na\u00a0 Bienal para o no SP Fashion Week\u00a0.Daqui \u00e1 pouco come\u00e7a o desfile da marca carioca Animale, que \u00a0apresenta todas \u00e1s modelos usando esmalte Impala nude cl\u00e1ssico. Essa cor , al\u00e9m de chique promete ser uma das preferidas nessa esta\u00e7\u00e3o. Gostaram?<\/p>\n<div id=\"attachment_33320\" style=\"width: 610px\" class=\"wp-caption aligncenter\"><a class=\"lightbox\" title=\"sp-fashion-week-animale-agrund (3)\" href=\"https:\/\/i0.wp.com\/www.agrund.com\/wp-content\/uploads\/2012\/06\/sp-fashion-week-animale-agrund-33-e1339440246680.jpg\"><img aria-describedby=\"caption-attachment-33320\" decoding=\"async\" loading=\"lazy\" class=\"size-full wp-image-33320\" title=\"Impala nude cl\u00e1ssico no desfile da Animale no SP Fashion Week\" src=\"https:\/\/i0.wp.com\/www.agrund.com\/wp-content\/uploads\/2012\/06\/sp-fashion-week-animale-agrund-33-e1339441362638.jpg?resize=600%2C450\" alt=\"Impala nude cl\u00e1ssico no desfile da Animale no SP Fashion Week\" width=\"600\" height=\"450\" data-recalc-dims=\"1\" \/><\/a><p id=\"caption-attachment-33320\" class=\"wp-caption-text\">SP Fashion Week : Impala nude cl\u00e1ssico no desfile da Animale<\/p><\/div>\n<div id=\"attachment_33319\" style=\"width: 610px\" class=\"wp-caption aligncenter\"><a class=\"lightbox\" title=\"sp-fashion-week-animale-agrund (2)\" href=\"https:\/\/i0.wp.com\/www.agrund.com\/wp-content\/uploads\/2012\/06\/sp-fashion-week-animale-agrund-24.jpg\"><img aria-describedby=\"caption-attachment-33319\" decoding=\"async\" loading=\"lazy\" class=\" wp-image-33319 \" title=\"Impala nude cl\u00e1ssico no desfile da Animale no SP Fashion Week\" src=\"https:\/\/i0.wp.com\/www.agrund.com\/wp-content\/uploads\/2012\/06\/sp-fashion-week-animale-agrund-24-1024x768.jpg?resize=600%2C458\" alt=\"Impala nude cl\u00e1ssico no desfile da Animale no SP Fashion Week\" width=\"600\" height=\"458\" data-recalc-dims=\"1\" \/><\/a><p id=\"caption-attachment-33319\" class=\"wp-caption-text\">SP Fashion Week : Impala nude cl\u00e1ssico no desfile da Animale<\/p><\/div>\n<div id=\"attachment_33318\" style=\"width: 610px\" class=\"wp-caption aligncenter\"><a class=\"lightbox\" title=\"sp-fashion-week-animale-agrund (1)\" href=\"https:\/\/i0.wp.com\/www.agrund.com\/wp-content\/uploads\/2012\/06\/sp-fashion-week-animale-agrund-14.jpg\"><img aria-describedby=\"caption-attachment-33318\" decoding=\"async\" loading=\"lazy\" class=\" wp-image-33318\" title=\"Impala nude cl\u00e1ssico no desfile da Animale no SP Fashion Week\" src=\"https:\/\/i0.wp.com\/www.agrund.com\/wp-content\/uploads\/2012\/06\/sp-fashion-week-animale-agrund-14-1024x768.jpg?resize=600%2C458\" alt=\"Impala nude cl\u00e1ssico no desfile da Animale no SP Fashion Week\" width=\"600\" height=\"458\" data-recalc-dims=\"1\" \/><\/a><p id=\"caption-attachment-33318\" class=\"wp-caption-text\">SP Fashion Week : Impala nude cl\u00e1ssico no desfile da Animale<\/p><\/div>\n<p>Fotos por Cau\u00ea Brocanelli.<\/p>\n","protected":false},"excerpt":{"rendered":"<p>A equipe do\u00a0agrund.com\u00a0j\u00e1 est\u00e1 \u00e1 todo vapor aqui na\u00a0 Bienal para o no SP Fashion Week\u00a0.Daqui \u00e1 pouco come\u00e7a o desfile da marca carioca Animale, que \u00a0apresenta todas \u00e1s modelos usando esmalte Impala nude cl\u00e1ssico. Essa cor , al\u00e9m de chique promete ser uma das preferidas nessa esta\u00e7\u00e3o. Gostaram? Fotos por Cau\u00ea Brocanelli.<\/p>\n","protected":false},"author":8,"featured_media":33317,"comment_status":"open","ping_status":"open","sticky":false,"template":"","format":"standard","meta":{"jetpack_post_was_ever_published":false,"_jetpack_newsletter_access":"","jetpack_publicize_message":"","jetpack_is_tweetstorm":false,"jetpack_publicize_feature_enabled":true,"jetpack_social_post_already_shared":false,"jetpack_social_options":{"image_generator_settings":{"template":"highway","enabled":false}}},"categories":[2],"tags":[],"jetpack_publicize_connections":[],"jetpack_featured_media_url":"","jetpack_sharing_enabled":true,"jetpack_shortlink":"https:\/\/wp.me\/p3Hz0n-8Fj","jetpack_likes_enabled":true,"_links":{"self":[{"href":"https:\/\/agrund.com\/index.php\/wp-json\/wp\/v2\/posts\/33313"}],"collection":[{"href":"https:\/\/agrund.com\/index.php\/wp-json\/wp\/v2\/posts"}],"about":[{"href":"https:\/\/agrund.com\/index.php\/wp-json\/wp\/v2\/types\/post"}],"author":[{"embeddable":true,"href":"https:\/\/agrund.com\/index.php\/wp-json\/wp\/v2\/users\/8"}],"replies":[{"embeddable":true,"href":"https:\/\/agrund.com\/index.php\/wp-json\/wp\/v2\/comments?post=33313"}],"version-history":[{"count":0,"href":"https:\/\/agrund.com\/index.php\/wp-json\/wp\/v2\/posts\/33313\/revisions"}],"wp:featuredmedia":[{"embeddable":true,"href":"https:\/\/agrund.com\/index.php\/wp-json\/"}],"wp:attachment":[{"href":"https:\/\/agrund.com\/index.php\/wp-json\/wp\/v2\/media?parent=33313"}],"wp:term":[{"taxonomy":"category","embeddable":true,"href":"https:\/\/agrund.com\/index.php\/wp-json\/wp\/v2\/categories?post=33313"},{"taxonomy":"post_tag","embeddable":true,"href":"https:\/\/agrund.com\/index.php\/wp-json\/wp\/v2\/tags?post=33313"}],"curies":[{"name":"wp","href":"https:\/\/api.w.org\/{rel}","templated":true}]}}