{"id":33103,"date":"2012-06-06T15:00:29","date_gmt":"2012-06-06T18:00:29","guid":{"rendered":"http:\/\/www.agrund.com\/?p=33103"},"modified":"2012-06-06T15:00:29","modified_gmt":"2012-06-06T18:00:29","slug":"o-novo-perfume-da-swarovski","status":"publish","type":"post","link":"https:\/\/agrund.com\/index.php\/o-novo-perfume-da-swarovski\/","title":{"rendered":"O novo perfume da Swarovski"},"content":{"rendered":"<p>Aura by Swarovski \u00e9\u00a0o nome do primeiro perfume da grife de cristais Swarovski. Desenvolvido em parceria com \u00e1 Clarins Fragrance Group, a fragr\u00e2ncia tem lan\u00e7amento para julho deste ano. Um\u00a0mix de \u00e2mbar, benjoim e alm\u00edscar branco comp\u00f5e o aroma, que ser\u00e1 embalada em um frasco de cristal assim\u00e9trico e estar\u00e1 dispon\u00edvel em tr\u00eas tamanhos diferentes, de 30, 50 e 75 ml. O pre\u00e7o respectivamente\u00a0R$ 169, R$ 279 e R$ 369.<\/p>\n<p>&nbsp;<\/p>\n<div id=\"attachment_33105\" style=\"width: 522px\" class=\"wp-caption aligncenter\"><a class=\"lightbox\" title=\"O novo perfume da Swarovski\" href=\"https:\/\/i0.wp.com\/www.agrund.com\/wp-content\/uploads\/2012\/06\/Swarovski-aura-perfume-post-001.jpg\"><img aria-describedby=\"caption-attachment-33105\" decoding=\"async\" loading=\"lazy\" class=\" wp-image-33105 \" title=\"O novo perfume da Swarovski\" src=\"https:\/\/i0.wp.com\/www.agrund.com\/wp-content\/uploads\/2012\/06\/Swarovski-aura-perfume-post-001.jpg?resize=512%2C400\" alt=\"O novo perfume da Swarovski\" width=\"512\" height=\"400\" data-recalc-dims=\"1\" \/><\/a><p id=\"caption-attachment-33105\" class=\"wp-caption-text\">O novo perfume da Swarovski<\/p><\/div>\n<p>Foto por Reprodu\u00e7\u00e3o.<\/p>\n","protected":false},"excerpt":{"rendered":"<p>Aura by Swarovski \u00e9\u00a0o nome do primeiro perfume da grife de cristais Swarovski. Desenvolvido em parceria com \u00e1 Clarins Fragrance Group, a fragr\u00e2ncia tem lan\u00e7amento para julho deste ano. Um\u00a0mix de \u00e2mbar, benjoim e alm\u00edscar branco comp\u00f5e o aroma, que ser\u00e1 embalada em um frasco de cristal assim\u00e9trico e estar\u00e1 dispon\u00edvel em tr\u00eas tamanhos diferentes, [&hellip;]<\/p>\n","protected":false},"author":8,"featured_media":33104,"comment_status":"open","ping_status":"open","sticky":false,"template":"","format":"standard","meta":{"jetpack_post_was_ever_published":false,"_jetpack_newsletter_access":"","jetpack_publicize_message":"","jetpack_is_tweetstorm":false,"jetpack_publicize_feature_enabled":true,"jetpack_social_post_already_shared":false,"jetpack_social_options":{"image_generator_settings":{"template":"highway","enabled":false}}},"categories":[2],"tags":[],"jetpack_publicize_connections":[],"jetpack_featured_media_url":"","jetpack_sharing_enabled":true,"jetpack_shortlink":"https:\/\/wp.me\/p3Hz0n-8BV","jetpack_likes_enabled":true,"_links":{"self":[{"href":"https:\/\/agrund.com\/index.php\/wp-json\/wp\/v2\/posts\/33103"}],"collection":[{"href":"https:\/\/agrund.com\/index.php\/wp-json\/wp\/v2\/posts"}],"about":[{"href":"https:\/\/agrund.com\/index.php\/wp-json\/wp\/v2\/types\/post"}],"author":[{"embeddable":true,"href":"https:\/\/agrund.com\/index.php\/wp-json\/wp\/v2\/users\/8"}],"replies":[{"embeddable":true,"href":"https:\/\/agrund.com\/index.php\/wp-json\/wp\/v2\/comments?post=33103"}],"version-history":[{"count":0,"href":"https:\/\/agrund.com\/index.php\/wp-json\/wp\/v2\/posts\/33103\/revisions"}],"wp:featuredmedia":[{"embeddable":true,"href":"https:\/\/agrund.com\/index.php\/wp-json\/"}],"wp:attachment":[{"href":"https:\/\/agrund.com\/index.php\/wp-json\/wp\/v2\/media?parent=33103"}],"wp:term":[{"taxonomy":"category","embeddable":true,"href":"https:\/\/agrund.com\/index.php\/wp-json\/wp\/v2\/categories?post=33103"},{"taxonomy":"post_tag","embeddable":true,"href":"https:\/\/agrund.com\/index.php\/wp-json\/wp\/v2\/tags?post=33103"}],"curies":[{"name":"wp","href":"https:\/\/api.w.org\/{rel}","templated":true}]}}