{"id":32898,"date":"2012-06-04T13:30:02","date_gmt":"2012-06-04T16:30:02","guid":{"rendered":"http:\/\/www.agrund.com\/?p=32898"},"modified":"2012-06-04T13:30:02","modified_gmt":"2012-06-04T16:30:02","slug":"os-melhores-looks-do-fashion-rio","status":"publish","type":"post","link":"https:\/\/agrund.com\/index.php\/os-melhores-looks-do-fashion-rio\/","title":{"rendered":"Os melhores looks do Fashion Rio"},"content":{"rendered":"<p>Semana passada postei <a href=\"http:\/\/www.agrund.com\/os-piores-looks-que-apareceram-no-fashion-rio\/\">aqui<\/a>\u00a0coment\u00e1rios dos piores looks do Fashion Rio. \u00a0E claro que as opini\u00f5es foram bem diversas. Mas a maioria concordou com o que leu! \u00a0Mas imagine se todos n\u00f3s pens\u00e1ssemos da mesma maneira &#8211; o mundo seria uma chatice&#8230;<\/p>\n<p>Hoje vou falar dos que gostei no Fashion Rio, mas nada me surpreendeu. Mesmo assim, valeu! Apareceram lindos looks para homens que gostam de estar antenados com as novas tend\u00eancias sem medo de perder seu estilo pr\u00f3prio. Os estilistas ousaram nas cartelas de cores, nas formas e, principalmente, nas estampas. Vamos ver alguns looks?<\/p>\n<p>&nbsp;<\/p>\n<p>1-\u00a0\u00a0\u00a0\u00a0\u00a0<strong>Herchcovitch<\/strong><br \/>\nUm dos meus preferidos foi o macac\u00e3o que o estilista criou em jeans bruto, com corte impec\u00e1vel e de um equil\u00edbrio de propor\u00e7\u00f5es sem igual. Com muitos detalhes e bot\u00f5es e z\u00edperes bem posicionados, que davam \u00e0 pe\u00e7a personalidade e modernidade.<\/p>\n<p><a class=\"lightbox\" title=\"melhores Herchcovitch 1\" href=\"https:\/\/i0.wp.com\/www.agrund.com\/wp-content\/uploads\/2012\/06\/melhores-Herchcovitch-1.jpg\"><img decoding=\"async\" loading=\"lazy\" class=\"aligncenter size-full wp-image-32903\" title=\"melhores Herchcovitch 1\" src=\"https:\/\/i0.wp.com\/www.agrund.com\/wp-content\/uploads\/2012\/06\/melhores-Herchcovitch-1.jpg?resize=448%2C674\" alt=\"\" width=\"448\" height=\"674\" data-recalc-dims=\"1\" \/><\/a><\/p>\n<p><strong>2-Herchcovitch<\/strong><br \/>\nCom refer\u00eancia nada \u00f3bvia, as estampas eram de mapas da \u00c1frica. Alexandre soube muito bem tirar proveito delas. Os tons se misturavam em perfeita harmonia no look e, para arrematar tudo, lindos acess\u00f3rios. Os sneakers de couro vazado v\u00e3o ser minha pr\u00f3xima aquisi\u00e7\u00e3o. Adorei!<br \/>\n<a class=\"lightbox\" title=\"melhores Herchovitch 2\" href=\"https:\/\/i0.wp.com\/www.agrund.com\/wp-content\/uploads\/2012\/06\/melhores-Herchovitch-2.jpg\"><img decoding=\"async\" loading=\"lazy\" class=\"aligncenter size-full wp-image-32904\" title=\"melhores Herchovitch 2\" src=\"https:\/\/i0.wp.com\/www.agrund.com\/wp-content\/uploads\/2012\/06\/melhores-Herchovitch-2.jpg?resize=448%2C674\" alt=\"\" width=\"448\" height=\"674\" data-recalc-dims=\"1\" \/><\/a><\/p>\n<p>&nbsp;<\/p>\n<p>3\u00a0<strong>Ausl\u00e4nder<\/strong><br \/>\nAmei o terno rosa claro com bermuda. O look inteiro \u00e9 leve e fresco, principalmente com o toque da camisa floral em tons pastel. O corte era \u201csequinho\u201d e muito bem cortado. Detalhe impec\u00e1vel: o t\u00eanis dourado.<\/p>\n<p><a class=\"lightbox\" title=\"melnhores AUSLANDER\" href=\"https:\/\/i0.wp.com\/www.agrund.com\/wp-content\/uploads\/2012\/06\/melnhores-AUSLANDER.jpg\"><img decoding=\"async\" loading=\"lazy\" class=\"aligncenter size-full wp-image-32907\" title=\"melnhores AUSLANDER\" src=\"https:\/\/i0.wp.com\/www.agrund.com\/wp-content\/uploads\/2012\/06\/melnhores-AUSLANDER.jpg?resize=448%2C674\" alt=\"\" width=\"448\" height=\"674\" data-recalc-dims=\"1\" \/><\/a><\/p>\n<p>&nbsp;<\/p>\n<p>4-\u00a0<strong>Ausl\u00e4nder<\/strong><br \/>\nEste look \u00e9 realmente de \u201cbabar\u201d, sonho de consumo total. Adorei tudo. Este tric\u00f4 com fios metalizados \u00e9 lindo, tem uma modelagem gostosa de se ver. O look monocrom\u00e1tico em tons de bege ficou muito chic. O t\u00eanis dourado deu a luz merecida ao look. Lindo!<\/p>\n<p><a class=\"lightbox\" title=\"melhores Auslander 2\" href=\"https:\/\/i0.wp.com\/www.agrund.com\/wp-content\/uploads\/2012\/06\/melhores-Auslander-2.jpg\"><img decoding=\"async\" loading=\"lazy\" class=\"aligncenter size-full wp-image-32900\" title=\"melhores Auslander 2\" src=\"https:\/\/i0.wp.com\/www.agrund.com\/wp-content\/uploads\/2012\/06\/melhores-Auslander-2.jpg?resize=448%2C674\" alt=\"\" width=\"448\" height=\"674\" data-recalc-dims=\"1\" \/><\/a><\/p>\n<p>&nbsp;<\/p>\n<p>5-\u00a0<strong>TNG<\/strong><\/p>\n<p>Acho que a marca acertou muito bem no jeans. Este look total denim \u00e9 bem bacana, acompanha um shape moderno e urbano, sem falar da lavagem, muito bem feita e inusitada<\/p>\n<p><a class=\"lightbox\" title=\"melhores tng 1\" href=\"https:\/\/i0.wp.com\/www.agrund.com\/wp-content\/uploads\/2012\/06\/melhores-tng-1.jpg\"><img decoding=\"async\" loading=\"lazy\" class=\"aligncenter size-full wp-image-32905\" title=\"melhores tng 1\" src=\"https:\/\/i0.wp.com\/www.agrund.com\/wp-content\/uploads\/2012\/06\/melhores-tng-1.jpg?resize=448%2C674\" alt=\"\" width=\"448\" height=\"674\" data-recalc-dims=\"1\" \/><\/a><\/p>\n<p>6-\u00a0<strong>TNG<\/strong><br \/>\nContinuando no jeans, este terninho de um bot\u00e3o roubou a cena. Adorei tudo, o corte, a lavagem e, principalmente, a camiseta meio \u201cpodrinha\u201d, em tons suaves, usada por baixo do blazer. O contraponto da bolsa bege e dos sapatos azuis deram o toque sofisticado ao terno de j\u00ea<\/p>\n<p><a class=\"lightbox\" title=\"melhores tng 2\" href=\"https:\/\/i0.wp.com\/www.agrund.com\/wp-content\/uploads\/2012\/06\/melhores-tng-2.jpg\"><img decoding=\"async\" loading=\"lazy\" class=\"aligncenter size-full wp-image-32906\" title=\"melhores tng 2\" src=\"https:\/\/i0.wp.com\/www.agrund.com\/wp-content\/uploads\/2012\/06\/melhores-tng-2.jpg?resize=448%2C674\" alt=\"\" width=\"448\" height=\"674\" data-recalc-dims=\"1\" \/><\/a><\/p>\n<p>7\u00a0<strong>Blue Man<\/strong><br \/>\nPrimeiro tenho que falar da estampa de bananas coloridas. No conceito moda praia, ela foi a melhor da temporada&#8230; \u00c9 divertida, engra\u00e7ada e, ao mesmo tempo, n\u00e3o ficou carnavalesca. A \u201csalada\u201d de cores foi muito bem equilibrada. Ela apareceu em v\u00e1rias pe\u00e7as, nas bermudas, sungas e at\u00e9 nas camisetas. Adorei o styling e as mochilas tamb\u00e9m.<\/p>\n<div>\n<div>\u00a0<a class=\"lightbox\" title=\"melhores blue mam\" href=\"https:\/\/i0.wp.com\/www.agrund.com\/wp-content\/uploads\/2012\/06\/melhores-blue-mam.jpg\"><img decoding=\"async\" loading=\"lazy\" class=\"aligncenter size-full wp-image-32902\" title=\"melhores blue mam\" src=\"https:\/\/i0.wp.com\/www.agrund.com\/wp-content\/uploads\/2012\/06\/melhores-blue-mam.jpg?resize=448%2C674\" alt=\"\" width=\"448\" height=\"674\" data-recalc-dims=\"1\" \/><\/a><a class=\"lightbox\" title=\"melhores blue mam 2\" href=\"https:\/\/i0.wp.com\/www.agrund.com\/wp-content\/uploads\/2012\/06\/melhores-blue-mam-2.jpg\"><img decoding=\"async\" loading=\"lazy\" class=\"aligncenter size-full wp-image-32901\" title=\"melhores blue mam 2\" src=\"https:\/\/i0.wp.com\/www.agrund.com\/wp-content\/uploads\/2012\/06\/melhores-blue-mam-2.jpg?resize=448%2C674\" alt=\"\" width=\"448\" height=\"674\" data-recalc-dims=\"1\" \/><\/a><\/div>\n<\/div>\n<p><img decoding=\"async\" src=\"https:\/\/i0.wp.com\/www.agrund.com\/wp-content\/themes\/FashionPlus\/images\/topo_moda_masculina.jpg\" alt=\"Moda Masculina\" data-recalc-dims=\"1\" \/><\/p>\n","protected":false},"excerpt":{"rendered":"<p>Semana passada postei aqui\u00a0coment\u00e1rios dos piores looks do Fashion Rio. \u00a0E claro que as opini\u00f5es foram bem diversas. Mas a maioria concordou com o que leu! \u00a0Mas imagine se todos n\u00f3s pens\u00e1ssemos da mesma maneira &#8211; o mundo seria uma chatice&#8230; Hoje vou falar dos que gostei no Fashion Rio, mas nada me surpreendeu. Mesmo [&hellip;]<\/p>\n","protected":false},"author":8,"featured_media":32909,"comment_status":"open","ping_status":"open","sticky":false,"template":"","format":"standard","meta":{"jetpack_post_was_ever_published":false,"_jetpack_newsletter_access":"","jetpack_publicize_message":"","jetpack_is_tweetstorm":false,"jetpack_publicize_feature_enabled":true,"jetpack_social_post_already_shared":false,"jetpack_social_options":{"image_generator_settings":{"template":"highway","enabled":false}}},"categories":[6],"tags":[],"jetpack_publicize_connections":[],"jetpack_featured_media_url":"","jetpack_sharing_enabled":true,"jetpack_shortlink":"https:\/\/wp.me\/p3Hz0n-8yC","jetpack_likes_enabled":true,"_links":{"self":[{"href":"https:\/\/agrund.com\/index.php\/wp-json\/wp\/v2\/posts\/32898"}],"collection":[{"href":"https:\/\/agrund.com\/index.php\/wp-json\/wp\/v2\/posts"}],"about":[{"href":"https:\/\/agrund.com\/index.php\/wp-json\/wp\/v2\/types\/post"}],"author":[{"embeddable":true,"href":"https:\/\/agrund.com\/index.php\/wp-json\/wp\/v2\/users\/8"}],"replies":[{"embeddable":true,"href":"https:\/\/agrund.com\/index.php\/wp-json\/wp\/v2\/comments?post=32898"}],"version-history":[{"count":0,"href":"https:\/\/agrund.com\/index.php\/wp-json\/wp\/v2\/posts\/32898\/revisions"}],"wp:featuredmedia":[{"embeddable":true,"href":"https:\/\/agrund.com\/index.php\/wp-json\/"}],"wp:attachment":[{"href":"https:\/\/agrund.com\/index.php\/wp-json\/wp\/v2\/media?parent=32898"}],"wp:term":[{"taxonomy":"category","embeddable":true,"href":"https:\/\/agrund.com\/index.php\/wp-json\/wp\/v2\/categories?post=32898"},{"taxonomy":"post_tag","embeddable":true,"href":"https:\/\/agrund.com\/index.php\/wp-json\/wp\/v2\/tags?post=32898"}],"curies":[{"name":"wp","href":"https:\/\/api.w.org\/{rel}","templated":true}]}}