{"id":32877,"date":"2012-06-04T21:00:30","date_gmt":"2012-06-05T00:00:30","guid":{"rendered":"http:\/\/www.agrund.com\/?p=32877"},"modified":"2012-06-04T21:00:30","modified_gmt":"2012-06-05T00:00:30","slug":"comentarios-sobre-a-evolucao-dos-looks-de-justin-bieber","status":"publish","type":"post","link":"https:\/\/agrund.com\/index.php\/comentarios-sobre-a-evolucao-dos-looks-de-justin-bieber\/","title":{"rendered":"Coment\u00e1rios sobre a evolu\u00e7\u00e3o dos looks de Justin Bieber"},"content":{"rendered":"<div>\n<p>Resolvi comentar os looks do astro ex-teen Justin Bieber , j\u00e1 que foi coment\u00e1rio essa semana em v\u00e1rios tabl\u00f3ides e sites, inclusive <a href=\"http:\/\/www.agrund.com\/fofoca-justin-bieber-acusado-de-agredir-fotografo\/\">AQUI<\/a>, por\u00a0 suposta agress\u00e3o\u00a0\u00e1 um fot\u00f3grafo. Ent\u00e3o vamos aproveitar o \u201cembalo\u201d? \u00c9 bem verdade que ele quase nunca erra, cria tend\u00eancias que podem at\u00e9 servir de inspira\u00e7\u00e3o, mais cuidados marmanjos, n\u00e3o entrem nessa, por favor! N\u00e3o poderia de deixar e agradecer que ele cortou o cabelo, pois n\u00e3o ag\u00fcentava mais ver em todas as esquinas o pr\u00f3prio, ufa! Vamos ver uma retr\u00f4 dos seus looks?<\/p>\n<p>1- Justin gosta de colete, n\u00e3o \u00e9? E este modelo mais curto ficou muito legal! Os acess\u00f3rios s\u00e3o masculinos na medida numa vers\u00e3o rock&#8217;n&#8217;roll.<\/p>\n<p><a class=\"lightbox\" title=\"Coment\u00e1rios sobre a evolu\u00e7\u00e3o dos looks de Justin Bieber\" href=\"https:\/\/i0.wp.com\/www.agrund.com\/wp-content\/uploads\/2012\/06\/JB1.jpg\"><img decoding=\"async\" loading=\"lazy\" class=\"aligncenter size-full wp-image-32878\" title=\"Coment\u00e1rios sobre a evolu\u00e7\u00e3o dos looks de Justin Bieber\" src=\"https:\/\/i0.wp.com\/www.agrund.com\/wp-content\/uploads\/2012\/06\/JB1.jpg?resize=327%2C475\" alt=\"\" width=\"327\" height=\"475\" data-recalc-dims=\"1\" \/><\/a><\/p>\n<p>&nbsp;<\/p>\n<p>&nbsp;<\/p>\n<p>2 &#8211; Definitivamente essa n\u00e3o rolou, a proposta \u00e9 boa, por\u00e9m mal executada, combinar camisa vermelha com t\u00eanis da mesma cor \u00e9 antigo, sinceramente acho que seu\u00a0personal stylist estava com raiva. Rs!<\/p>\n<p>&nbsp;<\/p>\n<p><a class=\"lightbox\" title=\"Coment\u00e1rios sobre a evolu\u00e7\u00e3o dos looks de Justin Bieber\" href=\"https:\/\/i0.wp.com\/www.agrund.com\/wp-content\/uploads\/2012\/06\/JB2.jpg\"><img decoding=\"async\" loading=\"lazy\" class=\"aligncenter size-full wp-image-32879\" title=\"Coment\u00e1rios sobre a evolu\u00e7\u00e3o dos looks de Justin Bieber\" src=\"https:\/\/i0.wp.com\/www.agrund.com\/wp-content\/uploads\/2012\/06\/JB2.jpg?resize=321%2C475\" alt=\"\" width=\"321\" height=\"475\" data-recalc-dims=\"1\" \/><\/a><\/p>\n<p>3-A gravata borboleta, sin\u00f4nimo de formalidade, ficou casual no look de Justin, um bel\u00edssimo colete de matelass\u00ea, amei!<\/p>\n<p><a class=\"lightbox\" title=\"Coment\u00e1rios sobre a evolu\u00e7\u00e3o dos looks de Justin Bieber\" href=\"https:\/\/i0.wp.com\/www.agrund.com\/wp-content\/uploads\/2012\/06\/JB3.jpg\"><img decoding=\"async\" loading=\"lazy\" class=\"aligncenter size-full wp-image-32880\" title=\"Coment\u00e1rios sobre a evolu\u00e7\u00e3o dos looks de Justin Bieber\" src=\"https:\/\/i0.wp.com\/www.agrund.com\/wp-content\/uploads\/2012\/06\/JB3.jpg?resize=285%2C475\" alt=\"\" width=\"285\" height=\"475\" data-recalc-dims=\"1\" \/><\/a><\/p>\n<p>4-Sempre que aparece com uma pe\u00e7a mais formal, no caso o colete, que \u00e9 quase um blazer sem mangas, Justin consegue manter o estilo. O colete pode beirar a cafonice, mas neste caso, em vers\u00e3o smoking, \u00e9 sofisticado ao extremo!<br \/>\n<a class=\"lightbox\" title=\"Coment\u00e1rios sobre a evolu\u00e7\u00e3o dos looks de Justin Bieber\" href=\"https:\/\/i0.wp.com\/www.agrund.com\/wp-content\/uploads\/2012\/06\/JB4.jpg\"><img decoding=\"async\" loading=\"lazy\" class=\"aligncenter size-full wp-image-32881\" title=\"Coment\u00e1rios sobre a evolu\u00e7\u00e3o dos looks de Justin Bieber\" src=\"https:\/\/i0.wp.com\/www.agrund.com\/wp-content\/uploads\/2012\/06\/JB4.jpg?resize=302%2C475\" alt=\"\" width=\"302\" height=\"475\" data-recalc-dims=\"1\" \/><\/a><\/p>\n<p>5 &#8211; Adorei a jaqueta azul turquesa tipo \u201cperfecto\u201d, ficou \u00f3tima em seu tom de pele, e criou um colorido e bem interessante, e com o novo cabelo, \u00e9 claro!<\/p>\n<p><a class=\"lightbox\" title=\"Coment\u00e1rios sobre a evolu\u00e7\u00e3o dos looks de Justin Bieber\" href=\"https:\/\/i0.wp.com\/www.agrund.com\/wp-content\/uploads\/2012\/06\/JB5.jpg\"><img decoding=\"async\" loading=\"lazy\" class=\"aligncenter size-full wp-image-32882\" title=\"Coment\u00e1rios sobre a evolu\u00e7\u00e3o dos looks de Justin Bieber\" src=\"https:\/\/i0.wp.com\/www.agrund.com\/wp-content\/uploads\/2012\/06\/JB5.jpg?resize=149%2C240\" alt=\"\" width=\"149\" height=\"240\" data-recalc-dims=\"1\" \/><\/a><\/p>\n<p>6- Olha ele a\u00ed dando uma de sedutor, com look pr\u00f3ximo ao corpo e todo estilo, tipo James Dean. Atual!<\/p>\n<p><a class=\"lightbox\" title=\"Coment\u00e1rios sobre a evolu\u00e7\u00e3o dos looks de Justin Bieber\" href=\"https:\/\/i0.wp.com\/www.agrund.com\/wp-content\/uploads\/2012\/06\/JB6.jpg\"><img decoding=\"async\" loading=\"lazy\" class=\"aligncenter size-full wp-image-32883\" title=\"Coment\u00e1rios sobre a evolu\u00e7\u00e3o dos looks de Justin Bieber\" src=\"https:\/\/i0.wp.com\/www.agrund.com\/wp-content\/uploads\/2012\/06\/JB6.jpg?resize=179%2C240\" alt=\"\" width=\"179\" height=\"240\" data-recalc-dims=\"1\" \/><\/a><\/p>\n<\/div>\n<div>Fotos por Reprodu\u00e7\u00e3o.<\/div>\n<div><img decoding=\"async\" src=\"https:\/\/i0.wp.com\/www.agrund.com\/wp-content\/themes\/FashionPlus\/images\/topo_moda_masculina.jpg\" alt=\"Moda Masculina\" data-recalc-dims=\"1\" \/><\/div>\n","protected":false},"excerpt":{"rendered":"<p>Resolvi comentar os looks do astro ex-teen Justin Bieber , j\u00e1 que foi coment\u00e1rio essa semana em v\u00e1rios tabl\u00f3ides e sites, inclusive AQUI, por\u00a0 suposta agress\u00e3o\u00a0\u00e1 um fot\u00f3grafo. Ent\u00e3o vamos aproveitar o \u201cembalo\u201d? \u00c9 bem verdade que ele quase nunca erra, cria tend\u00eancias que podem at\u00e9 servir de inspira\u00e7\u00e3o, mais cuidados marmanjos, n\u00e3o entrem nessa, [&hellip;]<\/p>\n","protected":false},"author":8,"featured_media":32884,"comment_status":"open","ping_status":"open","sticky":false,"template":"","format":"standard","meta":{"jetpack_post_was_ever_published":false,"_jetpack_newsletter_access":"","jetpack_publicize_message":"","jetpack_is_tweetstorm":false,"jetpack_publicize_feature_enabled":true,"jetpack_social_post_already_shared":false,"jetpack_social_options":{"image_generator_settings":{"template":"highway","enabled":false}}},"categories":[6],"tags":[],"jetpack_publicize_connections":[],"jetpack_featured_media_url":"","jetpack_sharing_enabled":true,"jetpack_shortlink":"https:\/\/wp.me\/p3Hz0n-8yh","jetpack_likes_enabled":true,"_links":{"self":[{"href":"https:\/\/agrund.com\/index.php\/wp-json\/wp\/v2\/posts\/32877"}],"collection":[{"href":"https:\/\/agrund.com\/index.php\/wp-json\/wp\/v2\/posts"}],"about":[{"href":"https:\/\/agrund.com\/index.php\/wp-json\/wp\/v2\/types\/post"}],"author":[{"embeddable":true,"href":"https:\/\/agrund.com\/index.php\/wp-json\/wp\/v2\/users\/8"}],"replies":[{"embeddable":true,"href":"https:\/\/agrund.com\/index.php\/wp-json\/wp\/v2\/comments?post=32877"}],"version-history":[{"count":0,"href":"https:\/\/agrund.com\/index.php\/wp-json\/wp\/v2\/posts\/32877\/revisions"}],"wp:featuredmedia":[{"embeddable":true,"href":"https:\/\/agrund.com\/index.php\/wp-json\/"}],"wp:attachment":[{"href":"https:\/\/agrund.com\/index.php\/wp-json\/wp\/v2\/media?parent=32877"}],"wp:term":[{"taxonomy":"category","embeddable":true,"href":"https:\/\/agrund.com\/index.php\/wp-json\/wp\/v2\/categories?post=32877"},{"taxonomy":"post_tag","embeddable":true,"href":"https:\/\/agrund.com\/index.php\/wp-json\/wp\/v2\/tags?post=32877"}],"curies":[{"name":"wp","href":"https:\/\/api.w.org\/{rel}","templated":true}]}}