{"id":3262,"date":"2011-01-27T10:49:35","date_gmt":"2011-01-27T12:49:35","guid":{"rendered":"http:\/\/www.agrund.com\/blogs\/notas\/?p=3262"},"modified":"2011-01-27T10:49:35","modified_gmt":"2011-01-27T12:49:35","slug":"tom-ford-na-capa-da-interview","status":"publish","type":"post","link":"https:\/\/agrund.com\/index.php\/tom-ford-na-capa-da-interview\/","title":{"rendered":"TOM FORD NA CAPA DA INTERVIEW"},"content":{"rendered":"<p>O estilista Tom Ford \u00e9 a estrela da capa de fevereiro da revista\u00a0 Interview \u2013 sua edi\u00e7\u00e3o especial que celebra os homens.<\/p>\n<p>Na entrevista, ele fala muito mais de sua vida pessoal do que da moda em geral. \u201cA maioria das pessoas n\u00e3o me conhecem de verdade. Eles conhecem a proje\u00e7\u00e3o de mim que eu uso para vender as coisas. E eles me conhecem por uma express\u00e3o de beleza material. Na verdade eu sou bem introvertido. Sou muito t\u00edmido. Sou muito emocional\u201d diz Mr. Ford. E ainda completa que \u00e9 a pessoa menos materialistas que existem. J\u00e1 vimos que ele tem tanto a falar quanto tem a mostrar, n\u00e3o \u00e9?<\/p>\n<p style=\"text-align: center\"><a href=\"https:\/\/i0.wp.com\/www.agrund.com\/files\/2011\/01\/tomford.jpg\"><img decoding=\"async\" loading=\"lazy\" class=\"alignnone size-medium wp-image-3263\" src=\"https:\/\/i0.wp.com\/www.agrund.com\/arquivo\/notas\/files\/2011\/01\/tomford-231x300.jpg?resize=231%2C300\" alt=\"\" width=\"231\" height=\"300\" data-recalc-dims=\"1\" \/><\/a><\/p>\n","protected":false},"excerpt":{"rendered":"<p>O estilista Tom Ford \u00e9 a estrela da capa de fevereiro da revista\u00a0 Interview \u2013 sua edi\u00e7\u00e3o especial que celebra os homens. Na entrevista, ele fala muito mais de sua vida pessoal do que da moda em geral. \u201cA maioria das pessoas n\u00e3o me conhecem de verdade. Eles conhecem a proje\u00e7\u00e3o de mim que eu [&hellip;]<\/p>\n","protected":false},"author":8,"featured_media":3263,"comment_status":"open","ping_status":"open","sticky":false,"template":"","format":"standard","meta":{"jetpack_post_was_ever_published":false,"_jetpack_newsletter_access":"","jetpack_publicize_message":"","jetpack_is_tweetstorm":false,"jetpack_publicize_feature_enabled":true,"jetpack_social_post_already_shared":false,"jetpack_social_options":{"image_generator_settings":{"template":"highway","enabled":false}}},"categories":[2],"tags":[],"jetpack_publicize_connections":[],"jetpack_featured_media_url":"","jetpack_sharing_enabled":true,"jetpack_shortlink":"https:\/\/wp.me\/p3Hz0n-QC","jetpack_likes_enabled":true,"_links":{"self":[{"href":"https:\/\/agrund.com\/index.php\/wp-json\/wp\/v2\/posts\/3262"}],"collection":[{"href":"https:\/\/agrund.com\/index.php\/wp-json\/wp\/v2\/posts"}],"about":[{"href":"https:\/\/agrund.com\/index.php\/wp-json\/wp\/v2\/types\/post"}],"author":[{"embeddable":true,"href":"https:\/\/agrund.com\/index.php\/wp-json\/wp\/v2\/users\/8"}],"replies":[{"embeddable":true,"href":"https:\/\/agrund.com\/index.php\/wp-json\/wp\/v2\/comments?post=3262"}],"version-history":[{"count":0,"href":"https:\/\/agrund.com\/index.php\/wp-json\/wp\/v2\/posts\/3262\/revisions"}],"wp:featuredmedia":[{"embeddable":true,"href":"https:\/\/agrund.com\/index.php\/wp-json\/"}],"wp:attachment":[{"href":"https:\/\/agrund.com\/index.php\/wp-json\/wp\/v2\/media?parent=3262"}],"wp:term":[{"taxonomy":"category","embeddable":true,"href":"https:\/\/agrund.com\/index.php\/wp-json\/wp\/v2\/categories?post=3262"},{"taxonomy":"post_tag","embeddable":true,"href":"https:\/\/agrund.com\/index.php\/wp-json\/wp\/v2\/tags?post=3262"}],"curies":[{"name":"wp","href":"https:\/\/api.w.org\/{rel}","templated":true}]}}