{"id":32241,"date":"2012-05-28T21:00:00","date_gmt":"2012-05-29T00:00:00","guid":{"rendered":"http:\/\/www.agrund.com\/?p=32241"},"modified":"2012-05-28T21:00:00","modified_gmt":"2012-05-29T00:00:00","slug":"looks-de-arlindo-grund","status":"publish","type":"post","link":"https:\/\/agrund.com\/index.php\/looks-de-arlindo-grund\/","title":{"rendered":"Looks de Arlindo Grund"},"content":{"rendered":"<p style=\"text-align: right\">Por Fabio Paiva<\/p>\n<p>&nbsp;<\/p>\n<p>Ele vive analisando os looks de todo mundo e porque n\u00e3o de vez em quando analisar o dele? Ent\u00e3o sem perder tempo fui a algumas grava\u00e7\u00f5es de surpresa do Tenha Estilo para clic\u00e1-lo e veja o que eu achei. Vamos l\u00e1!<\/p>\n<p>&nbsp;<\/p>\n<p>Look 1 \u2013 Os tons terrosos est\u00e3o<br \/>\nmuito bem coordenados. E ele j\u00e1 se antecipou na tend\u00eancia dos arabescos que vimos muito agora no Fashion Rio. Mas em rela\u00e7\u00e3o a cor do tric\u00f4 ela \u00e9 muito complicada. Por exemplo, nele ficou bom, j\u00e1 em mim&#8230;<\/p>\n<p><a class=\"lightbox\" title=\"1\" href=\"https:\/\/i0.wp.com\/www.agrund.com\/wp-content\/uploads\/2012\/05\/122.jpg\"><img decoding=\"async\" loading=\"lazy\" class=\"aligncenter size-full wp-image-32248\" title=\"1\" src=\"https:\/\/i0.wp.com\/www.agrund.com\/wp-content\/uploads\/2012\/05\/122.jpg?resize=470%2C626\" alt=\"\" width=\"470\" height=\"626\" data-recalc-dims=\"1\" \/><\/a><\/p>\n<p>Look 2 &#8211;\u00a0 Mais divertido imposs\u00edvel para gravar nas Havaianas. Dica para inverno: camisa estampada da Forum ficou perfeita com um boot de solado mais pesado! E aten\u00e7\u00e3o para o el\u00e1stico verde lim\u00e3o da pe\u00e7a que \u00e9 da cole\u00e7\u00e3o inverno 2012 de Alexandre Herchcovitch. Agora cal\u00e7a com barra dobrada s\u00f3 para os altos e estilosos!<\/p>\n<p><a class=\"lightbox\" title=\"2\" href=\"https:\/\/i0.wp.com\/www.agrund.com\/wp-content\/uploads\/2012\/05\/216.jpg\"><img decoding=\"async\" loading=\"lazy\" class=\"aligncenter size-full wp-image-32249\" title=\"2\" src=\"https:\/\/i0.wp.com\/www.agrund.com\/wp-content\/uploads\/2012\/05\/216.jpg?resize=470%2C626\" alt=\"\" width=\"470\" height=\"626\" data-recalc-dims=\"1\" \/><\/a><\/p>\n<p>Look 3 \u2013 Usar look todo preto as vezes pode parecer meio sem gra\u00e7a mas usar e abusar do mix de texturas \u00e9 uma excelente alternativa para deix\u00e1-lo mais moderno. O sweater de plush com bolso de couro da A Mulher Do Padre ficou \u00f3timo com um jeans resinado da G-Star. O Oxford, Colcci, arrematou com classe o look.<\/p>\n<p><a class=\"lightbox\" title=\"3\" href=\"https:\/\/i0.wp.com\/www.agrund.com\/wp-content\/uploads\/2012\/05\/39.jpg\"><img decoding=\"async\" loading=\"lazy\" class=\"aligncenter size-full wp-image-32250\" title=\"3\" src=\"https:\/\/i0.wp.com\/www.agrund.com\/wp-content\/uploads\/2012\/05\/39.jpg?resize=470%2C626\" alt=\"\" width=\"470\" height=\"626\" data-recalc-dims=\"1\" \/><\/a><\/p>\n<p>Look 4 \u2013 O blazer das Vicomte A tem um excelente caimento. A l\u00e3 com detalhes de couro \u00e9 super moderno, aqui como falei nas dicas curtas, com protetor de cotuvelos. Usado com jeans fica jovem! Look indicado para os dias mais frios.<\/p>\n<p><a class=\"lightbox\" title=\"4\" href=\"https:\/\/i0.wp.com\/www.agrund.com\/wp-content\/uploads\/2012\/05\/48.jpg\"><img decoding=\"async\" loading=\"lazy\" class=\"aligncenter size-full wp-image-32251\" title=\"4\" src=\"https:\/\/i0.wp.com\/www.agrund.com\/wp-content\/uploads\/2012\/05\/48.jpg?resize=470%2C626\" alt=\"\" width=\"470\" height=\"626\" data-recalc-dims=\"1\" \/><\/a><\/p>\n<p>Look 5 \u2013 Imposs\u00edvel n\u00e3o olhar para o sapato vinho Dr.Martens. O sapateiro ingl\u00eas consegue levar \u201cpeso\u201d para o look. Uma jaqueta de moleton com gola xale usado com camisaria fica moderno. Ali\u00e1s, o Arlindo adora misturar alfaiataria com pe\u00e7as esportivas.<\/p>\n<p><a class=\"lightbox\" title=\"5\" href=\"https:\/\/i0.wp.com\/www.agrund.com\/wp-content\/uploads\/2012\/05\/58.jpg\"><img decoding=\"async\" loading=\"lazy\" class=\"aligncenter size-full wp-image-32252\" title=\"5\" src=\"https:\/\/i0.wp.com\/www.agrund.com\/wp-content\/uploads\/2012\/05\/58.jpg?resize=470%2C626\" alt=\"\" width=\"470\" height=\"626\" data-recalc-dims=\"1\" \/><\/a><\/p>\n<p>Com fotos de Silvio Plaft Unzer.<\/p>\n<p><img decoding=\"async\" src=\"https:\/\/i0.wp.com\/www.agrund.com\/wp-content\/themes\/FashionPlus\/images\/topo_moda_masculina.jpg\" alt=\"Moda Masculina\" data-recalc-dims=\"1\" \/><\/p>\n","protected":false},"excerpt":{"rendered":"<p>Por Fabio Paiva &nbsp; Ele vive analisando os looks de todo mundo e porque n\u00e3o de vez em quando analisar o dele? Ent\u00e3o sem perder tempo fui a algumas grava\u00e7\u00f5es de surpresa do Tenha Estilo para clic\u00e1-lo e veja o que eu achei. Vamos l\u00e1! &nbsp; Look 1 \u2013 Os tons terrosos est\u00e3o muito bem [&hellip;]<\/p>\n","protected":false},"author":8,"featured_media":32247,"comment_status":"open","ping_status":"open","sticky":false,"template":"","format":"standard","meta":{"jetpack_post_was_ever_published":false,"_jetpack_newsletter_access":"","jetpack_publicize_message":"","jetpack_is_tweetstorm":false,"jetpack_publicize_feature_enabled":true,"jetpack_social_post_already_shared":false,"jetpack_social_options":{"image_generator_settings":{"template":"highway","enabled":false}}},"categories":[6],"tags":[],"jetpack_publicize_connections":[],"jetpack_featured_media_url":"","jetpack_sharing_enabled":true,"jetpack_shortlink":"https:\/\/wp.me\/p3Hz0n-8o1","jetpack_likes_enabled":true,"_links":{"self":[{"href":"https:\/\/agrund.com\/index.php\/wp-json\/wp\/v2\/posts\/32241"}],"collection":[{"href":"https:\/\/agrund.com\/index.php\/wp-json\/wp\/v2\/posts"}],"about":[{"href":"https:\/\/agrund.com\/index.php\/wp-json\/wp\/v2\/types\/post"}],"author":[{"embeddable":true,"href":"https:\/\/agrund.com\/index.php\/wp-json\/wp\/v2\/users\/8"}],"replies":[{"embeddable":true,"href":"https:\/\/agrund.com\/index.php\/wp-json\/wp\/v2\/comments?post=32241"}],"version-history":[{"count":0,"href":"https:\/\/agrund.com\/index.php\/wp-json\/wp\/v2\/posts\/32241\/revisions"}],"wp:featuredmedia":[{"embeddable":true,"href":"https:\/\/agrund.com\/index.php\/wp-json\/"}],"wp:attachment":[{"href":"https:\/\/agrund.com\/index.php\/wp-json\/wp\/v2\/media?parent=32241"}],"wp:term":[{"taxonomy":"category","embeddable":true,"href":"https:\/\/agrund.com\/index.php\/wp-json\/wp\/v2\/categories?post=32241"},{"taxonomy":"post_tag","embeddable":true,"href":"https:\/\/agrund.com\/index.php\/wp-json\/wp\/v2\/tags?post=32241"}],"curies":[{"name":"wp","href":"https:\/\/api.w.org\/{rel}","templated":true}]}}