{"id":32213,"date":"2012-05-28T15:00:12","date_gmt":"2012-05-28T18:00:12","guid":{"rendered":"http:\/\/www.agrund.com\/?p=32213"},"modified":"2012-05-28T15:00:12","modified_gmt":"2012-05-28T18:00:12","slug":"christian-lacroix-reabre-loja-em-paris","status":"publish","type":"post","link":"https:\/\/agrund.com\/index.php\/christian-lacroix-reabre-loja-em-paris\/","title":{"rendered":"Christian Lacroix reabre loja em Paris"},"content":{"rendered":"<p>Depois de entrar em Fal\u00eancia em 2009,a marca abre loja pr\u00f3pria em Paris.A loja\u00a0funcionar\u00e1 em formato misto, vendendo \u00a0linha masculina, artigos de couro, \u00a0material de escrit\u00f3rio e pe\u00e7as de decora\u00e7\u00e3o.Incluindo at\u00e9 cadeiras do designer brasileiro Rodrigo Almeida. Boa not\u00edcia, pois as roupas masculinas de\u00a0Christian Lacroix\u00a0, s\u00e3o linda. Veja algumas fotos do seu \u00faltimo desfile masculino 2012 em paris.<\/p>\n<p><a class=\"lightbox\" title=\"Christian_Lacroix_Hommes_Menswear fall winter 2012 _Paris january 2012\" href=\"https:\/\/i0.wp.com\/www.agrund.com\/wp-content\/uploads\/2012\/05\/lac_m_fw12_038.jpg\"><img decoding=\"async\" loading=\"lazy\" class=\"aligncenter size-full wp-image-32217\" title=\"Christian_Lacroix_Hommes_Menswear fall winter 2012 _Paris january 2012\" src=\"https:\/\/i0.wp.com\/www.agrund.com\/wp-content\/uploads\/2012\/05\/lac_m_fw12_038.jpg?resize=448%2C674\" alt=\"\" width=\"448\" height=\"674\" data-recalc-dims=\"1\" \/><\/a><\/p>\n<p><a class=\"lightbox\" title=\"Christian_Lacroix_Hommes_Menswear fall winter 2012 _Paris january 2012\" href=\"https:\/\/i0.wp.com\/www.agrund.com\/wp-content\/uploads\/2012\/05\/lac_m_fw12_033.jpg\"><img decoding=\"async\" loading=\"lazy\" class=\"aligncenter size-full wp-image-32216\" title=\"Christian_Lacroix_Hommes_Menswear fall winter 2012 _Paris january 2012\" src=\"https:\/\/i0.wp.com\/www.agrund.com\/wp-content\/uploads\/2012\/05\/lac_m_fw12_033.jpg?resize=448%2C674\" alt=\"\" width=\"448\" height=\"674\" data-recalc-dims=\"1\" \/><\/a><\/p>\n<p><a class=\"lightbox\" title=\"Christian_Lacroix_Hommes_Menswear fall winter 2012 _Paris january 2012\" href=\"https:\/\/i0.wp.com\/www.agrund.com\/wp-content\/uploads\/2012\/05\/lac_m_fw12_010.jpg\"><img decoding=\"async\" loading=\"lazy\" class=\"aligncenter size-full wp-image-32215\" title=\"Christian_Lacroix_Hommes_Menswear fall winter 2012 _Paris january 2012\" src=\"https:\/\/i0.wp.com\/www.agrund.com\/wp-content\/uploads\/2012\/05\/lac_m_fw12_010.jpg?resize=448%2C674\" alt=\"\" width=\"448\" height=\"674\" data-recalc-dims=\"1\" \/><\/a><\/p>\n<p><a class=\"lightbox\" title=\"Christian_Lacroix_Hommes_Menswear fall winter 2012 _Paris january 2012\" href=\"https:\/\/i0.wp.com\/www.agrund.com\/wp-content\/uploads\/2012\/05\/lac_m_fw12_002.jpg\"><img decoding=\"async\" loading=\"lazy\" class=\"aligncenter size-full wp-image-32214\" title=\"Christian_Lacroix_Hommes_Menswear fall winter 2012 _Paris january 2012\" src=\"https:\/\/i0.wp.com\/www.agrund.com\/wp-content\/uploads\/2012\/05\/lac_m_fw12_002.jpg?resize=448%2C674\" alt=\"\" width=\"448\" height=\"674\" data-recalc-dims=\"1\" \/><\/a><\/p>\n<p>&nbsp;<\/p>\n<p>Fotos por Reprodu\u00e7\u00e3o.<\/p>\n<p><img decoding=\"async\" src=\"https:\/\/i0.wp.com\/www.agrund.com\/wp-content\/themes\/FashionPlus\/images\/topo_moda_masculina.jpg\" alt=\"Moda Masculina\" data-recalc-dims=\"1\" \/><\/p>\n","protected":false},"excerpt":{"rendered":"<p>Depois de entrar em Fal\u00eancia em 2009,a marca abre loja pr\u00f3pria em Paris.A loja\u00a0funcionar\u00e1 em formato misto, vendendo \u00a0linha masculina, artigos de couro, \u00a0material de escrit\u00f3rio e pe\u00e7as de decora\u00e7\u00e3o.Incluindo at\u00e9 cadeiras do designer brasileiro Rodrigo Almeida. Boa not\u00edcia, pois as roupas masculinas de\u00a0Christian Lacroix\u00a0, s\u00e3o linda. Veja algumas fotos do seu \u00faltimo desfile masculino [&hellip;]<\/p>\n","protected":false},"author":8,"featured_media":32218,"comment_status":"open","ping_status":"open","sticky":false,"template":"","format":"standard","meta":{"jetpack_post_was_ever_published":false,"_jetpack_newsletter_access":"","jetpack_publicize_message":"","jetpack_is_tweetstorm":false,"jetpack_publicize_feature_enabled":true,"jetpack_social_post_already_shared":false,"jetpack_social_options":{"image_generator_settings":{"template":"highway","enabled":false}}},"categories":[6],"tags":[],"jetpack_publicize_connections":[],"jetpack_featured_media_url":"","jetpack_sharing_enabled":true,"jetpack_shortlink":"https:\/\/wp.me\/p3Hz0n-8nz","jetpack_likes_enabled":true,"_links":{"self":[{"href":"https:\/\/agrund.com\/index.php\/wp-json\/wp\/v2\/posts\/32213"}],"collection":[{"href":"https:\/\/agrund.com\/index.php\/wp-json\/wp\/v2\/posts"}],"about":[{"href":"https:\/\/agrund.com\/index.php\/wp-json\/wp\/v2\/types\/post"}],"author":[{"embeddable":true,"href":"https:\/\/agrund.com\/index.php\/wp-json\/wp\/v2\/users\/8"}],"replies":[{"embeddable":true,"href":"https:\/\/agrund.com\/index.php\/wp-json\/wp\/v2\/comments?post=32213"}],"version-history":[{"count":0,"href":"https:\/\/agrund.com\/index.php\/wp-json\/wp\/v2\/posts\/32213\/revisions"}],"wp:featuredmedia":[{"embeddable":true,"href":"https:\/\/agrund.com\/index.php\/wp-json\/"}],"wp:attachment":[{"href":"https:\/\/agrund.com\/index.php\/wp-json\/wp\/v2\/media?parent=32213"}],"wp:term":[{"taxonomy":"category","embeddable":true,"href":"https:\/\/agrund.com\/index.php\/wp-json\/wp\/v2\/categories?post=32213"},{"taxonomy":"post_tag","embeddable":true,"href":"https:\/\/agrund.com\/index.php\/wp-json\/wp\/v2\/tags?post=32213"}],"curies":[{"name":"wp","href":"https:\/\/api.w.org\/{rel}","templated":true}]}}