{"id":32194,"date":"2012-05-28T11:00:13","date_gmt":"2012-05-28T14:00:13","guid":{"rendered":"http:\/\/www.agrund.com\/?p=32194"},"modified":"2012-05-28T11:00:13","modified_gmt":"2012-05-28T14:00:13","slug":"os-piores-looks-que-apareceram-no-fashion-rio","status":"publish","type":"post","link":"https:\/\/agrund.com\/index.php\/os-piores-looks-que-apareceram-no-fashion-rio\/","title":{"rendered":"Os piores looks que apareceram no Fashion Rio"},"content":{"rendered":"<p style=\"text-align: right\">Por Fabio Paiva<\/p>\n<p>&nbsp;<\/p>\n<p>Sem querer desmerecer os profissionais que passaram meses pesquisando, desenhado e criando uma cole\u00e7\u00e3o, certas produ\u00e7\u00f5es apresentadas no Fashion Rio ficaram marcadas em nossas mentes. E \u00e9 imposs\u00edvel n\u00e3o comentar. Para come\u00e7ar os Piores Looks&#8230;<\/p>\n<p>&nbsp;<\/p>\n<p>Espet\u00e1culos e performances \u00e1 parte mostrados na passarela da <strong>Reserva<\/strong>, as roupas, essas foram complicadas!<\/p>\n<p>LOOK1- O que \u00e9 esse terno todo mal cortado, gente! Os recortes eram de chorar, tentaram fazer um mix de texturas que n\u00e3o funcionou. Agora, esse comprimento de gravata n\u00e3o deu muito certo e est\u00e1 curta demais. O look em geral n\u00e3o est\u00e1 elegante. Uiiii!<\/p>\n<p><a class=\"lightbox\" title=\"piores reserva 1\" href=\"https:\/\/i0.wp.com\/www.agrund.com\/wp-content\/uploads\/2012\/05\/piores-reserva-1.jpg\"><img decoding=\"async\" loading=\"lazy\" class=\"aligncenter size-full wp-image-32195\" title=\"piores reserva 1\" src=\"https:\/\/i0.wp.com\/www.agrund.com\/wp-content\/uploads\/2012\/05\/piores-reserva-1.jpg?resize=448%2C674\" alt=\"\" width=\"448\" height=\"674\" data-recalc-dims=\"1\" \/><\/a><\/p>\n<p>&nbsp;<\/p>\n<p>LOOK2- Sei que foi tudo uma grande brincadeira, ou estou errado? Pelo amor de Deus o que era esse look, tentando ser um geek, que mais parecia \u00a0Jerry Lewis? S\u00f3 que pelo menos o ator era engra\u00e7ado em suas com\u00e9dias.<\/p>\n<p>&nbsp;<\/p>\n<p><a class=\"lightbox\" title=\"piores reserva 2\" href=\"https:\/\/i0.wp.com\/www.agrund.com\/wp-content\/uploads\/2012\/05\/piores-reserva-2.jpg\"><img decoding=\"async\" loading=\"lazy\" class=\"aligncenter size-full wp-image-32197\" title=\"piores reserva 2\" src=\"https:\/\/i0.wp.com\/www.agrund.com\/wp-content\/uploads\/2012\/05\/piores-reserva-2.jpg?resize=448%2C674\" alt=\"\" width=\"448\" height=\"674\" data-recalc-dims=\"1\" \/><\/a><\/p>\n<p>&nbsp;<\/p>\n<p>A marca masculina\u00a0 <strong>R.Groove<\/strong> tentou, tentou e n\u00e3o conseguiu. O seu desfile era uma verdadeira confus\u00e3o de estilos, uns at\u00e9 interessantes. Em compensa\u00e7\u00e3o&#8230; vejam!<\/p>\n<p>LOOK1- Voc\u00eas concordam comigo que esse tipo de roupa n\u00e3o diz nada? O look \u00e9 antigo, com essa camisa estranh\u00edssima e cal\u00e7a dobradinha para ficar curtinha, e para piorar esse cal\u00e7ado preto, sem coment\u00e1rios.<\/p>\n<p><a class=\"lightbox\" title=\"piores rgroove1\" href=\"https:\/\/i0.wp.com\/www.agrund.com\/wp-content\/uploads\/2012\/05\/piores-rgroove1.jpg\"><img decoding=\"async\" loading=\"lazy\" class=\"aligncenter size-full wp-image-32199\" title=\"piores rgroove1\" src=\"https:\/\/i0.wp.com\/www.agrund.com\/wp-content\/uploads\/2012\/05\/piores-rgroove1.jpg?resize=448%2C674\" alt=\"\" width=\"448\" height=\"674\" data-recalc-dims=\"1\" \/><\/a><\/p>\n<p>LOOK2-Esse conjuntinho de camisa e bermuda , sobreposto por esse \u201cblus\u00e3o\u201d, pois eram assim chamadas esses tipos de pe\u00e7as na d\u00e9cada de 80, \u00e9 a coisa mais estranhas que eu vi, s\u00f3 n\u00e3o foi pior pois a estampa tropical, apesar de n\u00e3o ser uma das melhores, era interessante.<\/p>\n<p><a class=\"lightbox\" title=\"piores r groove 2\" href=\"https:\/\/i0.wp.com\/www.agrund.com\/wp-content\/uploads\/2012\/05\/piores-r-groove-2.jpg\"><img decoding=\"async\" loading=\"lazy\" class=\"aligncenter size-full wp-image-32198\" title=\"piores r groove 2\" src=\"https:\/\/i0.wp.com\/www.agrund.com\/wp-content\/uploads\/2012\/05\/piores-r-groove-2.jpg?resize=448%2C674\" alt=\"\" width=\"448\" height=\"674\" data-recalc-dims=\"1\" \/><\/a><\/p>\n<p>&nbsp;<\/p>\n<p>Gente, o que foram as apari\u00e7\u00f5es daqueles ternos de alfaiataria no desfile da <strong>TNG<\/strong>? O que era aquilo?<\/p>\n<p>LOOK1- Definitivamente n\u00e3o d\u00e1! Fazer ternos n\u00e3o \u00e9 para qualquer um, a modelagem \u00e9 de assustar. Estava tudo grande, comprimento das mangas, ombros fora de propor\u00e7\u00e3o e gigantes. Eleg\u00e2ncia passou longe!<\/p>\n<p><a class=\"lightbox\" title=\"piores tng 1\" href=\"https:\/\/i0.wp.com\/www.agrund.com\/wp-content\/uploads\/2012\/05\/piores-tng-1.jpg\"><img decoding=\"async\" loading=\"lazy\" class=\"aligncenter size-full wp-image-32200\" title=\"piores tng 1\" src=\"https:\/\/i0.wp.com\/www.agrund.com\/wp-content\/uploads\/2012\/05\/piores-tng-1.jpg?resize=448%2C674\" alt=\"\" width=\"448\" height=\"674\" data-recalc-dims=\"1\" \/><\/a><\/p>\n<p>LOOK2- Olha mais um a\u00ed! Esse \u00e9 medonho, parecia que n\u00e3o fizeram prova de roupa no modelo. Gente, na moda masculina s\u00e3o os detalhes e um bom corte que fazem toda a diferen\u00e7a, coisa que n\u00e3o aconteceu a\u00ed. Olha o tamanho das mangas, e o colarinho? Medo!<\/p>\n<p><a class=\"lightbox\" title=\"piores tng 2\" href=\"https:\/\/i0.wp.com\/www.agrund.com\/wp-content\/uploads\/2012\/05\/piores-tng-2.jpg\"><img decoding=\"async\" loading=\"lazy\" class=\"aligncenter size-full wp-image-32201\" title=\"piores tng 2\" src=\"https:\/\/i0.wp.com\/www.agrund.com\/wp-content\/uploads\/2012\/05\/piores-tng-2.jpg?resize=448%2C674\" alt=\"\" width=\"448\" height=\"674\" data-recalc-dims=\"1\" \/><\/a><\/p>\n<p>&nbsp;<\/p>\n<p>A proposta apresentada pela marca <strong>OEstudio<\/strong>, era bem interessante, mas a execu\u00e7\u00e3o&#8230; Roupas recortadas, artesanais e surradas tomaram conta da passarela, como falei adoro a proposta , mas n\u00e3o rolou.<\/p>\n<p>LOOK1- Por favor, me expliquem o que \u00e9 essa camisa, achei pavorosa, e para completar usada com essa bermuda, piorou. Totalmente sem est\u00e9tica.<\/p>\n<p><a class=\"lightbox\" title=\"piores Oestudio 3\" href=\"https:\/\/i0.wp.com\/www.agrund.com\/wp-content\/uploads\/2012\/05\/piores-Oestudio-3.jpg\"><img decoding=\"async\" loading=\"lazy\" class=\"aligncenter size-full wp-image-32203\" title=\"piores Oestudio 3\" src=\"https:\/\/i0.wp.com\/www.agrund.com\/wp-content\/uploads\/2012\/05\/piores-Oestudio-3.jpg?resize=448%2C674\" alt=\"\" width=\"448\" height=\"674\" data-recalc-dims=\"1\" \/><\/a><\/p>\n<p>LOOK2- Adoro trabalhos artesanais, mas essa jun\u00e7\u00e3o de macac\u00e3o, colete e chap\u00e9u pavoroso, n\u00e3o rolou. Sei que a cole\u00e7\u00e3o foi inspirada nos mendigos, ser\u00e1 que foi mesmo?<\/p>\n<p><a class=\"lightbox\" title=\"piores oestudio 2\" href=\"https:\/\/i0.wp.com\/www.agrund.com\/wp-content\/uploads\/2012\/05\/piores-oestudio-2.jpg\"><img decoding=\"async\" loading=\"lazy\" class=\"aligncenter size-full wp-image-32202\" title=\"piores oestudio 2\" src=\"https:\/\/i0.wp.com\/www.agrund.com\/wp-content\/uploads\/2012\/05\/piores-oestudio-2.jpg?resize=448%2C674\" alt=\"\" width=\"448\" height=\"674\" data-recalc-dims=\"1\" \/><\/a><\/p>\n<p>Fotos por Reprodu\u00e7\u00e3o.<\/p>\n<p><img decoding=\"async\" src=\"https:\/\/i0.wp.com\/www.agrund.com\/wp-content\/themes\/FashionPlus\/images\/topo_moda_masculina.jpg\" alt=\"Moda Masculina\" data-recalc-dims=\"1\" \/><\/p>\n","protected":false},"excerpt":{"rendered":"<p>Por Fabio Paiva &nbsp; Sem querer desmerecer os profissionais que passaram meses pesquisando, desenhado e criando uma cole\u00e7\u00e3o, certas produ\u00e7\u00f5es apresentadas no Fashion Rio ficaram marcadas em nossas mentes. E \u00e9 imposs\u00edvel n\u00e3o comentar. Para come\u00e7ar os Piores Looks&#8230; &nbsp; Espet\u00e1culos e performances \u00e1 parte mostrados na passarela da Reserva, as roupas, essas foram complicadas! [&hellip;]<\/p>\n","protected":false},"author":8,"featured_media":32278,"comment_status":"open","ping_status":"open","sticky":false,"template":"","format":"standard","meta":{"jetpack_post_was_ever_published":false,"_jetpack_newsletter_access":"","jetpack_publicize_message":"","jetpack_is_tweetstorm":false,"jetpack_publicize_feature_enabled":true,"jetpack_social_post_already_shared":false,"jetpack_social_options":{"image_generator_settings":{"template":"highway","enabled":false}}},"categories":[6],"tags":[],"jetpack_publicize_connections":[],"jetpack_featured_media_url":"","jetpack_sharing_enabled":true,"jetpack_shortlink":"https:\/\/wp.me\/p3Hz0n-8ng","jetpack_likes_enabled":true,"_links":{"self":[{"href":"https:\/\/agrund.com\/index.php\/wp-json\/wp\/v2\/posts\/32194"}],"collection":[{"href":"https:\/\/agrund.com\/index.php\/wp-json\/wp\/v2\/posts"}],"about":[{"href":"https:\/\/agrund.com\/index.php\/wp-json\/wp\/v2\/types\/post"}],"author":[{"embeddable":true,"href":"https:\/\/agrund.com\/index.php\/wp-json\/wp\/v2\/users\/8"}],"replies":[{"embeddable":true,"href":"https:\/\/agrund.com\/index.php\/wp-json\/wp\/v2\/comments?post=32194"}],"version-history":[{"count":0,"href":"https:\/\/agrund.com\/index.php\/wp-json\/wp\/v2\/posts\/32194\/revisions"}],"wp:featuredmedia":[{"embeddable":true,"href":"https:\/\/agrund.com\/index.php\/wp-json\/"}],"wp:attachment":[{"href":"https:\/\/agrund.com\/index.php\/wp-json\/wp\/v2\/media?parent=32194"}],"wp:term":[{"taxonomy":"category","embeddable":true,"href":"https:\/\/agrund.com\/index.php\/wp-json\/wp\/v2\/categories?post=32194"},{"taxonomy":"post_tag","embeddable":true,"href":"https:\/\/agrund.com\/index.php\/wp-json\/wp\/v2\/tags?post=32194"}],"curies":[{"name":"wp","href":"https:\/\/api.w.org\/{rel}","templated":true}]}}