{"id":31003,"date":"2012-05-21T19:00:10","date_gmt":"2012-05-21T22:00:10","guid":{"rendered":"http:\/\/www.agrund.com\/?p=31003"},"modified":"2012-05-21T19:00:10","modified_gmt":"2012-05-21T22:00:10","slug":"looks-do-festival-de-cannes","status":"publish","type":"post","link":"https:\/\/agrund.com\/index.php\/looks-do-festival-de-cannes\/","title":{"rendered":"Looks do Festival de Cannes"},"content":{"rendered":"<div id=\"attachment_31008\" style=\"width: 335px\" class=\"wp-caption aligncenter\"><a class=\"lightbox\" title=\"Sean Penn1\" href=\"https:\/\/i0.wp.com\/www.agrund.com\/wp-content\/uploads\/2012\/05\/Sean-Penn1.jpg\"><img aria-describedby=\"caption-attachment-31008\" decoding=\"async\" loading=\"lazy\" class=\"size-full wp-image-31008\" title=\"Sean Penn1\" src=\"https:\/\/i0.wp.com\/www.agrund.com\/wp-content\/uploads\/2012\/05\/Sean-Penn1.jpg?resize=325%2C650\" alt=\"\" width=\"325\" height=\"650\" data-recalc-dims=\"1\" \/><\/a><p id=\"caption-attachment-31008\" class=\"wp-caption-text\">Sean Penn<\/p><\/div>\n<p>Sean Penn: Ele est\u00e1 eleg\u00e2ncia pura, usando um belo terno de tecido nobre e bem cortado. Soube muito bem escolher o que compor com seu look, malha de corte mais pr\u00f3xima ao corpo e uma linda camisa branca . Adorei os sapatos de verniz, luxo!<\/p>\n<div id=\"attachment_31005\" style=\"width: 393px\" class=\"wp-caption aligncenter\"><a class=\"lightbox\" title=\"Bruce Willis\" href=\"https:\/\/i0.wp.com\/www.agrund.com\/wp-content\/uploads\/2012\/05\/Bruce-Willis.jpg\"><img aria-describedby=\"caption-attachment-31005\" decoding=\"async\" loading=\"lazy\" class=\"size-full wp-image-31005\" title=\"Bruce Willis\" src=\"https:\/\/i0.wp.com\/www.agrund.com\/wp-content\/uploads\/2012\/05\/Bruce-Willis.jpg?resize=383%2C576\" alt=\"\" width=\"383\" height=\"576\" data-recalc-dims=\"1\" \/><\/a><p id=\"caption-attachment-31005\" class=\"wp-caption-text\">Bruce Willis<\/p><\/div>\n<p>Bruce Willis: Apesar de n\u00e3o estar usando um terno, ele optou em usar os acess\u00f3rios mais cl\u00e1ssicos de um smoking, como a gravata borboleta e uma linda camisa com bot\u00f5es pretos, e para arrematar um len\u00e7o branco, ok!<\/p>\n<div id=\"attachment_31004\" style=\"width: 333px\" class=\"wp-caption aligncenter\"><a class=\"lightbox\" title=\"Bill Murray1\" href=\"https:\/\/i0.wp.com\/www.agrund.com\/wp-content\/uploads\/2012\/05\/Bill-Murray1.jpg\"><img aria-describedby=\"caption-attachment-31004\" decoding=\"async\" loading=\"lazy\" class=\"size-full wp-image-31004\" title=\"Bill Murray1\" src=\"https:\/\/i0.wp.com\/www.agrund.com\/wp-content\/uploads\/2012\/05\/Bill-Murray1.jpg?resize=323%2C450\" alt=\"\" width=\"323\" height=\"450\" data-recalc-dims=\"1\" \/><\/a><p id=\"caption-attachment-31004\" class=\"wp-caption-text\">Bill Murray<\/p><\/div>\n<p>Bill Murray: Usou e abusou da ousadia! Tentou fazer um mix de estampas que n\u00e3o funcionou muito, mais valeu pela alegria das cores e pela sua coragem.<\/p>\n<div id=\"attachment_31006\" style=\"width: 415px\" class=\"wp-caption aligncenter\"><a class=\"lightbox\" title=\"Giorgio Armani\" href=\"https:\/\/i0.wp.com\/www.agrund.com\/wp-content\/uploads\/2012\/05\/Giorgio-Armani.jpg\"><img aria-describedby=\"caption-attachment-31006\" decoding=\"async\" loading=\"lazy\" class=\"size-full wp-image-31006\" title=\"Giorgio Armani\" src=\"https:\/\/i0.wp.com\/www.agrund.com\/wp-content\/uploads\/2012\/05\/Giorgio-Armani.jpg?resize=405%2C594\" alt=\"\" width=\"405\" height=\"594\" data-recalc-dims=\"1\" \/><\/a><p id=\"caption-attachment-31006\" class=\"wp-caption-text\">Giorgio Armani<\/p><\/div>\n<p>Giorgio Armani: N\u00e3o poder\u00edamos esperar menos, n\u00e9? Com um smoking impec\u00e1vel, de corte cl\u00e1ssico e detalhes em cetim.Poder!<\/p>\n<div id=\"attachment_31007\" style=\"width: 393px\" class=\"wp-caption aligncenter\"><a class=\"lightbox\" title=\"Feature Film Jury Photocall -  65th Annual Cannes Film Festival\" href=\"https:\/\/i0.wp.com\/www.agrund.com\/wp-content\/uploads\/2012\/05\/Jean-Paul-Gaultier-e-Ewan-McGregor.jpg\"><img aria-describedby=\"caption-attachment-31007\" decoding=\"async\" loading=\"lazy\" class=\"size-full wp-image-31007\" title=\"Feature Film Jury Photocall -  65th Annual Cannes Film Festival\" src=\"https:\/\/i0.wp.com\/www.agrund.com\/wp-content\/uploads\/2012\/05\/Jean-Paul-Gaultier-e-Ewan-McGregor.jpg?resize=383%2C594\" alt=\"\" width=\"383\" height=\"594\" data-recalc-dims=\"1\" \/><\/a><p id=\"caption-attachment-31007\" class=\"wp-caption-text\">Jean Paul Gautier e Ewan McGregor<\/p><\/div>\n<p>Jean Paul Gautier: Como ele est\u00e1 com uma apar\u00eancia jovem, usando uma sobreposi\u00e7\u00e3o de jaqueta e camisa listrada em belos tons de azul e cal\u00e7a confort. Eu particularmente n\u00e3o gostei do t\u00eanis combinadinho .<\/p>\n<p>Ewan McGregor: Adorei o terno com corte slim e mais casual, ele soube escolher bem a gravata com destaque sutil e os sapatos claros. Uma observa\u00e7\u00e3o, a manga do terno est\u00e1 um pouco cumprida, n\u00e3o \u00e9?<\/p>\n<p>Fotos por Reprodu\u00e7\u00e3o.<\/p>\n","protected":false},"excerpt":{"rendered":"<p>Sean Penn: Ele est\u00e1 eleg\u00e2ncia pura, usando um belo terno de tecido nobre e bem cortado. Soube muito bem escolher o que compor com seu look, malha de corte mais pr\u00f3xima ao corpo e uma linda camisa branca . Adorei os sapatos de verniz, luxo! Bruce Willis: Apesar de n\u00e3o estar usando um terno, ele [&hellip;]<\/p>\n","protected":false},"author":8,"featured_media":31009,"comment_status":"open","ping_status":"open","sticky":false,"template":"","format":"standard","meta":{"jetpack_post_was_ever_published":false,"_jetpack_newsletter_access":"","jetpack_publicize_message":"","jetpack_is_tweetstorm":false,"jetpack_publicize_feature_enabled":true,"jetpack_social_post_already_shared":false,"jetpack_social_options":{"image_generator_settings":{"template":"highway","enabled":false}}},"categories":[6],"tags":[],"jetpack_publicize_connections":[],"jetpack_featured_media_url":"","jetpack_sharing_enabled":true,"jetpack_shortlink":"https:\/\/wp.me\/p3Hz0n-843","jetpack_likes_enabled":true,"_links":{"self":[{"href":"https:\/\/agrund.com\/index.php\/wp-json\/wp\/v2\/posts\/31003"}],"collection":[{"href":"https:\/\/agrund.com\/index.php\/wp-json\/wp\/v2\/posts"}],"about":[{"href":"https:\/\/agrund.com\/index.php\/wp-json\/wp\/v2\/types\/post"}],"author":[{"embeddable":true,"href":"https:\/\/agrund.com\/index.php\/wp-json\/wp\/v2\/users\/8"}],"replies":[{"embeddable":true,"href":"https:\/\/agrund.com\/index.php\/wp-json\/wp\/v2\/comments?post=31003"}],"version-history":[{"count":0,"href":"https:\/\/agrund.com\/index.php\/wp-json\/wp\/v2\/posts\/31003\/revisions"}],"wp:featuredmedia":[{"embeddable":true,"href":"https:\/\/agrund.com\/index.php\/wp-json\/"}],"wp:attachment":[{"href":"https:\/\/agrund.com\/index.php\/wp-json\/wp\/v2\/media?parent=31003"}],"wp:term":[{"taxonomy":"category","embeddable":true,"href":"https:\/\/agrund.com\/index.php\/wp-json\/wp\/v2\/categories?post=31003"},{"taxonomy":"post_tag","embeddable":true,"href":"https:\/\/agrund.com\/index.php\/wp-json\/wp\/v2\/tags?post=31003"}],"curies":[{"name":"wp","href":"https:\/\/api.w.org\/{rel}","templated":true}]}}