{"id":30982,"date":"2012-05-21T17:00:43","date_gmt":"2012-05-21T20:00:43","guid":{"rendered":"http:\/\/www.agrund.com\/?p=30982"},"modified":"2012-05-21T17:00:43","modified_gmt":"2012-05-21T20:00:43","slug":"michael-fassbender-na-capa-da-gq-americana","status":"publish","type":"post","link":"https:\/\/agrund.com\/index.php\/michael-fassbender-na-capa-da-gq-americana\/","title":{"rendered":"Michael Fassbender na capa da GQ Americana"},"content":{"rendered":"<p>O ator Michael Fassbender\u00a0foi o escolhido pela GQ americana para estrelar o ensaio de capa da edi\u00e7\u00e3o de junho da revista. Com a\u00a0sedu\u00e7\u00e3o em seu DNA o ator tem um estilo que mistura pe\u00e7as mais cl\u00e1ssicas \u00a0com outras \u00a0casuais, ele sabe muito bem escolher o que cai bem \u00e0 seu bi\u00f3tipo. \u00a0Confiram as imagens!<\/p>\n<p>&nbsp;<\/p>\n<p><a class=\"lightbox\" title=\"michaelfassbender_capaGQUsa_8\" href=\"https:\/\/i0.wp.com\/www.agrund.com\/wp-content\/uploads\/2012\/05\/michaelfassbender_capaGQUsa_8.jpg\"><img decoding=\"async\" loading=\"lazy\" class=\"aligncenter size-full wp-image-30990\" title=\"michaelfassbender_capaGQUsa_8\" src=\"https:\/\/i0.wp.com\/www.agrund.com\/wp-content\/uploads\/2012\/05\/michaelfassbender_capaGQUsa_8.jpg?resize=620%2C516\" alt=\"\" width=\"620\" height=\"516\" data-recalc-dims=\"1\" \/><\/a><\/p>\n<p><a class=\"lightbox\" title=\"michaelfassbender_capaGQUsa_7\" href=\"https:\/\/i0.wp.com\/www.agrund.com\/wp-content\/uploads\/2012\/05\/michaelfassbender_capaGQUsa_7.jpg\"><img decoding=\"async\" loading=\"lazy\" class=\"aligncenter size-full wp-image-30989\" title=\"michaelfassbender_capaGQUsa_7\" src=\"https:\/\/i0.wp.com\/www.agrund.com\/wp-content\/uploads\/2012\/05\/michaelfassbender_capaGQUsa_7.jpg?resize=620%2C516\" alt=\"\" width=\"620\" height=\"516\" data-recalc-dims=\"1\" \/><\/a><\/p>\n<p><a class=\"lightbox\" title=\"michaelfassbender_capaGQUsa_6\" href=\"https:\/\/i0.wp.com\/www.agrund.com\/wp-content\/uploads\/2012\/05\/michaelfassbender_capaGQUsa_6.jpg\"><img decoding=\"async\" loading=\"lazy\" class=\"aligncenter size-full wp-image-30988\" title=\"michaelfassbender_capaGQUsa_6\" src=\"https:\/\/i0.wp.com\/www.agrund.com\/wp-content\/uploads\/2012\/05\/michaelfassbender_capaGQUsa_6.jpg?resize=620%2C516\" alt=\"\" width=\"620\" height=\"516\" data-recalc-dims=\"1\" \/><\/a><\/p>\n<p><a class=\"lightbox\" title=\"michaelfassbender_capaGQUsa_5\" href=\"https:\/\/i0.wp.com\/www.agrund.com\/wp-content\/uploads\/2012\/05\/michaelfassbender_capaGQUsa_5.jpg\"><img decoding=\"async\" loading=\"lazy\" class=\"aligncenter size-full wp-image-30987\" title=\"michaelfassbender_capaGQUsa_5\" src=\"https:\/\/i0.wp.com\/www.agrund.com\/wp-content\/uploads\/2012\/05\/michaelfassbender_capaGQUsa_5.jpg?resize=620%2C428\" alt=\"\" width=\"620\" height=\"428\" data-recalc-dims=\"1\" \/><\/a><\/p>\n<p><a class=\"lightbox\" title=\"michaelfassbender_capaGQUsa_4\" href=\"https:\/\/i0.wp.com\/www.agrund.com\/wp-content\/uploads\/2012\/05\/michaelfassbender_capaGQUsa_4.jpg\"><img decoding=\"async\" loading=\"lazy\" class=\"aligncenter size-full wp-image-30986\" title=\"michaelfassbender_capaGQUsa_4\" src=\"https:\/\/i0.wp.com\/www.agrund.com\/wp-content\/uploads\/2012\/05\/michaelfassbender_capaGQUsa_4.jpg?resize=620%2C516\" alt=\"\" width=\"620\" height=\"516\" data-recalc-dims=\"1\" \/><\/a><\/p>\n<p><a class=\"lightbox\" title=\"michaelfassbender_capaGQUsa_3\" href=\"https:\/\/i0.wp.com\/www.agrund.com\/wp-content\/uploads\/2012\/05\/michaelfassbender_capaGQUsa_3.jpg\"><img decoding=\"async\" loading=\"lazy\" class=\"aligncenter size-full wp-image-30985\" title=\"michaelfassbender_capaGQUsa_3\" src=\"https:\/\/i0.wp.com\/www.agrund.com\/wp-content\/uploads\/2012\/05\/michaelfassbender_capaGQUsa_3.jpg?resize=620%2C516\" alt=\"\" width=\"620\" height=\"516\" data-recalc-dims=\"1\" \/><\/a><\/p>\n<p><a class=\"lightbox\" title=\"michaelfassbender_capaGQUsa_2\" href=\"https:\/\/i0.wp.com\/www.agrund.com\/wp-content\/uploads\/2012\/05\/michaelfassbender_capaGQUsa_2.jpg\"><img decoding=\"async\" loading=\"lazy\" class=\"aligncenter size-full wp-image-30984\" title=\"michaelfassbender_capaGQUsa_2\" src=\"https:\/\/i0.wp.com\/www.agrund.com\/wp-content\/uploads\/2012\/05\/michaelfassbender_capaGQUsa_2.jpg?resize=620%2C516\" alt=\"\" width=\"620\" height=\"516\" data-recalc-dims=\"1\" \/><\/a><\/p>\n<p><a class=\"lightbox\" title=\"michaelfassbender_capaGQUsa_1jpg\" href=\"https:\/\/i0.wp.com\/www.agrund.com\/wp-content\/uploads\/2012\/05\/michaelfassbender_capaGQUsa_1jpg.jpg\"><img decoding=\"async\" loading=\"lazy\" class=\"aligncenter size-full wp-image-30983\" title=\"michaelfassbender_capaGQUsa_1jpg\" src=\"https:\/\/i0.wp.com\/www.agrund.com\/wp-content\/uploads\/2012\/05\/michaelfassbender_capaGQUsa_1jpg.jpg?resize=620%2C428\" alt=\"\" width=\"620\" height=\"428\" data-recalc-dims=\"1\" \/><\/a><\/p>\n<p>Fotos por Reprodu\u00e7\u00e3o.<\/p>\n<p>&nbsp;<\/p>\n<p><img decoding=\"async\" src=\"https:\/\/i0.wp.com\/www.agrund.com\/wp-content\/themes\/FashionPlus\/images\/topo_moda_masculina.jpg\" alt=\"Moda Masculina\" data-recalc-dims=\"1\" \/><\/p>\n","protected":false},"excerpt":{"rendered":"<p>O ator Michael Fassbender\u00a0foi o escolhido pela GQ americana para estrelar o ensaio de capa da edi\u00e7\u00e3o de junho da revista. Com a\u00a0sedu\u00e7\u00e3o em seu DNA o ator tem um estilo que mistura pe\u00e7as mais cl\u00e1ssicas \u00a0com outras \u00a0casuais, ele sabe muito bem escolher o que cai bem \u00e0 seu bi\u00f3tipo. \u00a0Confiram as imagens! &nbsp; [&hellip;]<\/p>\n","protected":false},"author":8,"featured_media":30991,"comment_status":"open","ping_status":"open","sticky":false,"template":"","format":"standard","meta":{"jetpack_post_was_ever_published":false,"_jetpack_newsletter_access":"","jetpack_publicize_message":"","jetpack_is_tweetstorm":false,"jetpack_publicize_feature_enabled":true,"jetpack_social_post_already_shared":false,"jetpack_social_options":{"image_generator_settings":{"template":"highway","enabled":false}}},"categories":[6],"tags":[],"jetpack_publicize_connections":[],"jetpack_featured_media_url":"","jetpack_sharing_enabled":true,"jetpack_shortlink":"https:\/\/wp.me\/p3Hz0n-83I","jetpack_likes_enabled":true,"_links":{"self":[{"href":"https:\/\/agrund.com\/index.php\/wp-json\/wp\/v2\/posts\/30982"}],"collection":[{"href":"https:\/\/agrund.com\/index.php\/wp-json\/wp\/v2\/posts"}],"about":[{"href":"https:\/\/agrund.com\/index.php\/wp-json\/wp\/v2\/types\/post"}],"author":[{"embeddable":true,"href":"https:\/\/agrund.com\/index.php\/wp-json\/wp\/v2\/users\/8"}],"replies":[{"embeddable":true,"href":"https:\/\/agrund.com\/index.php\/wp-json\/wp\/v2\/comments?post=30982"}],"version-history":[{"count":0,"href":"https:\/\/agrund.com\/index.php\/wp-json\/wp\/v2\/posts\/30982\/revisions"}],"wp:featuredmedia":[{"embeddable":true,"href":"https:\/\/agrund.com\/index.php\/wp-json\/"}],"wp:attachment":[{"href":"https:\/\/agrund.com\/index.php\/wp-json\/wp\/v2\/media?parent=30982"}],"wp:term":[{"taxonomy":"category","embeddable":true,"href":"https:\/\/agrund.com\/index.php\/wp-json\/wp\/v2\/categories?post=30982"},{"taxonomy":"post_tag","embeddable":true,"href":"https:\/\/agrund.com\/index.php\/wp-json\/wp\/v2\/tags?post=30982"}],"curies":[{"name":"wp","href":"https:\/\/api.w.org\/{rel}","templated":true}]}}