{"id":30944,"date":"2012-05-21T11:00:56","date_gmt":"2012-05-21T14:00:56","guid":{"rendered":"http:\/\/www.agrund.com\/?p=30944"},"modified":"2012-05-21T11:00:56","modified_gmt":"2012-05-21T14:00:56","slug":"tendencia-macacao-para-homens","status":"publish","type":"post","link":"https:\/\/agrund.com\/index.php\/tendencia-macacao-para-homens\/","title":{"rendered":"Tend\u00eancia: Macac\u00e3o para homens"},"content":{"rendered":"<p>Nessas \u00faltimas semanas internacionais de\u00a0moda masculina inverno\/ 2012, os\u00a0macac\u00f5es para n\u00f3s homens\u00a0reapareceram.<\/p>\n<p>No\u00a0ver\u00e3o passado, ele\u00a0j\u00e1 tinha mostrado sua carinha,\u00a0um pouco t\u00edmida e\u00a0com poucas varia\u00e7\u00f5es.\u00a0Mas, dessa vez, ele\u00a0veio com tudo!\u00a0Essa pe\u00e7a, que\u00a0n\u00e3o estamos acostumados\u00a0a usar, surgiu em\u00a0modelos\u00a0que v\u00e3o dos mais\u00a0despojados\u00a0at\u00e9 os impec\u00e1veis de\u00a0alfaiataria.<\/p>\n<p>Fica a dica:\u00a0esse \u00e9 o tipo de pe\u00e7a que nem todo homem pode usar. Al\u00e9m de\u00a0altura, \u00e9 preciso ter\u00a0muito estilo e personalidade.<\/p>\n<div id=\"attachment_30949\" style=\"width: 330px\" class=\"wp-caption aligncenter\"><a class=\"lightbox\" title=\"macac\u00e3o N Hoolywood\" href=\"https:\/\/i0.wp.com\/www.agrund.com\/wp-content\/uploads\/2012\/05\/macac\u00e3o-N-Hoolywood.jpg\"><img aria-describedby=\"caption-attachment-30949\" decoding=\"async\" loading=\"lazy\" class=\"size-full wp-image-30949\" title=\"macac\u00e3o N Hoolywood\" src=\"https:\/\/i0.wp.com\/www.agrund.com\/wp-content\/uploads\/2012\/05\/macac\u00e3o-N-Hoolywood.jpg?resize=320%2C480\" alt=\"Macac\u00e3o N Hoolywood\" width=\"320\" height=\"480\" data-recalc-dims=\"1\" \/><\/a><p id=\"caption-attachment-30949\" class=\"wp-caption-text\">Macac\u00e3o N Hoolywood<\/p><\/div>\n<div id=\"attachment_30948\" style=\"width: 330px\" class=\"wp-caption aligncenter\"><a class=\"lightbox\" title=\"macac\u00e3o Kris Van Assche\" href=\"https:\/\/i0.wp.com\/www.agrund.com\/wp-content\/uploads\/2012\/05\/macac\u00e3o-Kris-Van-Assche.jpg\"><img aria-describedby=\"caption-attachment-30948\" decoding=\"async\" loading=\"lazy\" class=\"size-full wp-image-30948\" title=\"macac\u00e3o Kris Van Assche\" src=\"https:\/\/i0.wp.com\/www.agrund.com\/wp-content\/uploads\/2012\/05\/macac\u00e3o-Kris-Van-Assche.jpg?resize=320%2C480\" alt=\"Macac\u00e3o Kris Van Assche\" width=\"320\" height=\"480\" data-recalc-dims=\"1\" \/><\/a><p id=\"caption-attachment-30948\" class=\"wp-caption-text\">Macac\u00e3o Kris Van Assche<\/p><\/div>\n<div id=\"attachment_30947\" style=\"width: 330px\" class=\"wp-caption aligncenter\"><a class=\"lightbox\" title=\"macac\u00e3o Band of Outsiders\" href=\"https:\/\/i0.wp.com\/www.agrund.com\/wp-content\/uploads\/2012\/05\/macac\u00e3o-Band-of-Outsiders.jpg\"><img aria-describedby=\"caption-attachment-30947\" decoding=\"async\" loading=\"lazy\" class=\"size-full wp-image-30947\" title=\"macac\u00e3o Band of Outsiders\" src=\"https:\/\/i0.wp.com\/www.agrund.com\/wp-content\/uploads\/2012\/05\/macac\u00e3o-Band-of-Outsiders.jpg?resize=320%2C480\" alt=\"Macac\u00e3o Band of Outsiders\" width=\"320\" height=\"480\" data-recalc-dims=\"1\" \/><\/a><p id=\"caption-attachment-30947\" class=\"wp-caption-text\">Macac\u00e3o Band of Outsiders<\/p><\/div>\n<div id=\"attachment_30946\" style=\"width: 330px\" class=\"wp-caption aligncenter\"><a class=\"lightbox\" title=\"macac\u00e3o Alexandre Plokhov\" href=\"https:\/\/i0.wp.com\/www.agrund.com\/wp-content\/uploads\/2012\/05\/macac\u00e3o-Alexandre-Plokhov.jpg\"><img aria-describedby=\"caption-attachment-30946\" decoding=\"async\" loading=\"lazy\" class=\"size-full wp-image-30946\" title=\"macac\u00e3o Alexandre Plokhov\" src=\"https:\/\/i0.wp.com\/www.agrund.com\/wp-content\/uploads\/2012\/05\/macac\u00e3o-Alexandre-Plokhov.jpg?resize=320%2C480\" alt=\"Macac\u00e3o Alexandre Plokhov\" width=\"320\" height=\"480\" data-recalc-dims=\"1\" \/><\/a><p id=\"caption-attachment-30946\" class=\"wp-caption-text\">Macac\u00e3o Alexandre Plokhov<\/p><\/div>\n<div id=\"attachment_30945\" style=\"width: 330px\" class=\"wp-caption aligncenter\"><a class=\"lightbox\" title=\"macac\u00e3o Adam Kimmel\" href=\"https:\/\/i0.wp.com\/www.agrund.com\/wp-content\/uploads\/2012\/05\/macac\u00e3o-Adam-Kimmel.jpg\"><img aria-describedby=\"caption-attachment-30945\" decoding=\"async\" loading=\"lazy\" class=\"size-full wp-image-30945\" title=\"macac\u00e3o Adam Kimmel\" src=\"https:\/\/i0.wp.com\/www.agrund.com\/wp-content\/uploads\/2012\/05\/macac\u00e3o-Adam-Kimmel.jpg?resize=320%2C480\" alt=\"Macac\u00e3o Adam Kimmel\" width=\"320\" height=\"480\" data-recalc-dims=\"1\" \/><\/a><p id=\"caption-attachment-30945\" class=\"wp-caption-text\">Macac\u00e3o Adam Kimmel<\/p><\/div>\n<p>Fotos por Reprodu\u00e7\u00e3o.<\/p>\n<p><img decoding=\"async\" src=\"https:\/\/i0.wp.com\/www.agrund.com\/wp-content\/themes\/FashionPlus\/images\/topo_moda_masculina.jpg\" alt=\"Moda Masculina\" data-recalc-dims=\"1\" \/><\/p>\n","protected":false},"excerpt":{"rendered":"<p>Nessas \u00faltimas semanas internacionais de\u00a0moda masculina inverno\/ 2012, os\u00a0macac\u00f5es para n\u00f3s homens\u00a0reapareceram. No\u00a0ver\u00e3o passado, ele\u00a0j\u00e1 tinha mostrado sua carinha,\u00a0um pouco t\u00edmida e\u00a0com poucas varia\u00e7\u00f5es.\u00a0Mas, dessa vez, ele\u00a0veio com tudo!\u00a0Essa pe\u00e7a, que\u00a0n\u00e3o estamos acostumados\u00a0a usar, surgiu em\u00a0modelos\u00a0que v\u00e3o dos mais\u00a0despojados\u00a0at\u00e9 os impec\u00e1veis de\u00a0alfaiataria. Fica a dica:\u00a0esse \u00e9 o tipo de pe\u00e7a que nem todo homem pode [&hellip;]<\/p>\n","protected":false},"author":8,"featured_media":30950,"comment_status":"open","ping_status":"open","sticky":false,"template":"","format":"standard","meta":{"jetpack_post_was_ever_published":false,"_jetpack_newsletter_access":"","jetpack_publicize_message":"","jetpack_is_tweetstorm":false,"jetpack_publicize_feature_enabled":true,"jetpack_social_post_already_shared":false,"jetpack_social_options":{"image_generator_settings":{"template":"highway","enabled":false}}},"categories":[6],"tags":[],"jetpack_publicize_connections":[],"jetpack_featured_media_url":"","jetpack_sharing_enabled":true,"jetpack_shortlink":"https:\/\/wp.me\/p3Hz0n-836","jetpack_likes_enabled":true,"_links":{"self":[{"href":"https:\/\/agrund.com\/index.php\/wp-json\/wp\/v2\/posts\/30944"}],"collection":[{"href":"https:\/\/agrund.com\/index.php\/wp-json\/wp\/v2\/posts"}],"about":[{"href":"https:\/\/agrund.com\/index.php\/wp-json\/wp\/v2\/types\/post"}],"author":[{"embeddable":true,"href":"https:\/\/agrund.com\/index.php\/wp-json\/wp\/v2\/users\/8"}],"replies":[{"embeddable":true,"href":"https:\/\/agrund.com\/index.php\/wp-json\/wp\/v2\/comments?post=30944"}],"version-history":[{"count":0,"href":"https:\/\/agrund.com\/index.php\/wp-json\/wp\/v2\/posts\/30944\/revisions"}],"wp:featuredmedia":[{"embeddable":true,"href":"https:\/\/agrund.com\/index.php\/wp-json\/"}],"wp:attachment":[{"href":"https:\/\/agrund.com\/index.php\/wp-json\/wp\/v2\/media?parent=30944"}],"wp:term":[{"taxonomy":"category","embeddable":true,"href":"https:\/\/agrund.com\/index.php\/wp-json\/wp\/v2\/categories?post=30944"},{"taxonomy":"post_tag","embeddable":true,"href":"https:\/\/agrund.com\/index.php\/wp-json\/wp\/v2\/tags?post=30944"}],"curies":[{"name":"wp","href":"https:\/\/api.w.org\/{rel}","templated":true}]}}