{"id":3094,"date":"2011-01-20T15:41:42","date_gmt":"2011-01-20T17:41:42","guid":{"rendered":"http:\/\/www.agrund.com\/blogs\/notas\/?p=3094"},"modified":"2011-01-20T15:41:42","modified_gmt":"2011-01-20T17:41:42","slug":"pelu-inverno-2011","status":"publish","type":"post","link":"https:\/\/agrund.com\/index.php\/pelu-inverno-2011\/","title":{"rendered":"PELU INVERNO 2011"},"content":{"rendered":"<p style=\"text-align: center\"><a href=\"https:\/\/i0.wp.com\/www.agrund.com\/files\/2011\/01\/Pelu-2.jpg\"><img decoding=\"async\" loading=\"lazy\" class=\"alignnone size-medium wp-image-3097\" src=\"https:\/\/i0.wp.com\/www.agrund.com\/arquivo\/notas\/files\/2011\/01\/Pelu-2-199x300.jpg?resize=199%2C300\" alt=\"\" width=\"199\" height=\"300\" data-recalc-dims=\"1\" \/><\/a><a href=\"https:\/\/i0.wp.com\/www.agrund.com\/files\/2011\/01\/Pelu-3.jpg\"><img decoding=\"async\" loading=\"lazy\" class=\"alignnone size-medium wp-image-3098\" src=\"https:\/\/i0.wp.com\/www.agrund.com\/arquivo\/notas\/files\/2011\/01\/Pelu-3-200x300.jpg?resize=200%2C300\" alt=\"\" width=\"200\" height=\"300\" data-recalc-dims=\"1\" \/><\/a><\/p>\n<p>A Pelu da empres\u00e1ria Helena Linhares e da estilista Cac\u00e1 Garcia apresenta um outono inverno 2011 banhado do mais puro rock\u00b4n roll. Com inspira\u00e7\u00e3o nas fotos do franc\u00eas Hedi Slimane( vale um Google sobre a carreira desse artista!) a Pelu revive um tempo de liberdade feminina. A mistura de tecidos e texturas \u00e9 o ponto forte da cole\u00e7\u00e3o: veludo devor\u00e9, tric\u00f4, renda, seda e variados tipos de pele. Pele? \u00c9 tend\u00eancia gente, gostem ou n\u00e3o! O fio desconstru\u00eddo dos tric\u00f4s uma novidade da marca para essa esta\u00e7\u00e3o junto com uma linha de festa, limitada com vestidos longos e curtos para ocasi\u00f5es especiais! Vai l\u00e1!<\/p>\n<p style=\"text-align: center\"><a href=\"https:\/\/i0.wp.com\/www.agrund.com\/files\/2011\/01\/Pelu.jpg\"><img decoding=\"async\" loading=\"lazy\" class=\"alignnone size-medium wp-image-3095\" src=\"https:\/\/i0.wp.com\/www.agrund.com\/arquivo\/notas\/files\/2011\/01\/Pelu-199x300.jpg?resize=199%2C300\" alt=\"\" width=\"199\" height=\"300\" data-recalc-dims=\"1\" \/><\/a><\/p>\n<p style=\"text-align: center\"><a href=\"https:\/\/i0.wp.com\/www.agrund.com\/files\/2011\/01\/Pelu-1.jpg\"><img decoding=\"async\" loading=\"lazy\" class=\"alignnone size-medium wp-image-3096\" src=\"https:\/\/i0.wp.com\/www.agrund.com\/arquivo\/notas\/files\/2011\/01\/Pelu-1-199x300.jpg?resize=199%2C300\" alt=\"\" width=\"199\" height=\"300\" data-recalc-dims=\"1\" \/><\/a><\/p>\n<div><span style=\"font-family: Arial;font-size: x-small\">sac: <a href=\"http:\/\/www.pelu.com.br\/\" target=\"_blank\">www.pelu.com.br<\/a><\/span><\/div>\n<div><span style=\"font-family: Arial;font-size: x-small\">Tel.: 11 3552-1229<\/span><\/div>\n","protected":false},"excerpt":{"rendered":"<p>A Pelu da empres\u00e1ria Helena Linhares e da estilista Cac\u00e1 Garcia apresenta um outono inverno 2011 banhado do mais puro rock\u00b4n roll. Com inspira\u00e7\u00e3o nas fotos do franc\u00eas Hedi Slimane( vale um Google sobre a carreira desse artista!) a Pelu revive um tempo de liberdade feminina. A mistura de tecidos e texturas \u00e9 o ponto [&hellip;]<\/p>\n","protected":false},"author":8,"featured_media":3097,"comment_status":"open","ping_status":"open","sticky":false,"template":"","format":"standard","meta":{"jetpack_post_was_ever_published":false,"_jetpack_newsletter_access":"","jetpack_publicize_message":"","jetpack_is_tweetstorm":false,"jetpack_publicize_feature_enabled":true,"jetpack_social_post_already_shared":false,"jetpack_social_options":{"image_generator_settings":{"template":"highway","enabled":false}}},"categories":[2],"tags":[],"jetpack_publicize_connections":[],"jetpack_featured_media_url":"","jetpack_sharing_enabled":true,"jetpack_shortlink":"https:\/\/wp.me\/p3Hz0n-NU","jetpack_likes_enabled":true,"_links":{"self":[{"href":"https:\/\/agrund.com\/index.php\/wp-json\/wp\/v2\/posts\/3094"}],"collection":[{"href":"https:\/\/agrund.com\/index.php\/wp-json\/wp\/v2\/posts"}],"about":[{"href":"https:\/\/agrund.com\/index.php\/wp-json\/wp\/v2\/types\/post"}],"author":[{"embeddable":true,"href":"https:\/\/agrund.com\/index.php\/wp-json\/wp\/v2\/users\/8"}],"replies":[{"embeddable":true,"href":"https:\/\/agrund.com\/index.php\/wp-json\/wp\/v2\/comments?post=3094"}],"version-history":[{"count":0,"href":"https:\/\/agrund.com\/index.php\/wp-json\/wp\/v2\/posts\/3094\/revisions"}],"wp:featuredmedia":[{"embeddable":true,"href":"https:\/\/agrund.com\/index.php\/wp-json\/"}],"wp:attachment":[{"href":"https:\/\/agrund.com\/index.php\/wp-json\/wp\/v2\/media?parent=3094"}],"wp:term":[{"taxonomy":"category","embeddable":true,"href":"https:\/\/agrund.com\/index.php\/wp-json\/wp\/v2\/categories?post=3094"},{"taxonomy":"post_tag","embeddable":true,"href":"https:\/\/agrund.com\/index.php\/wp-json\/wp\/v2\/tags?post=3094"}],"curies":[{"name":"wp","href":"https:\/\/api.w.org\/{rel}","templated":true}]}}