{"id":30787,"date":"2012-05-17T15:00:06","date_gmt":"2012-05-17T18:00:06","guid":{"rendered":"http:\/\/www.agrund.com\/?p=30787"},"modified":"2012-05-17T15:00:06","modified_gmt":"2012-05-17T18:00:06","slug":"victor-dzenk-leva-seu-desfile-para-a-rocinha","status":"publish","type":"post","link":"https:\/\/agrund.com\/index.php\/victor-dzenk-leva-seu-desfile-para-a-rocinha\/","title":{"rendered":"Victor Dzenk leva seu desfile para a Rocinha"},"content":{"rendered":"<p style=\"text-align: left\">O estilista Victor Dzenk ser\u00e1 o \u00fanico a desfilar na edi\u00e7\u00e3o ver\u00e3o 2013 do\u00a0Fashion Business. A cole\u00e7\u00e3o inspirada na Tropic\u00e1lia ser\u00e1 apresentada no pr\u00f3ximo dia 23.05, e o designer escolheu como cen\u00e1rio o centro Esportivo da\u00a0Rocinha.\u00a0E n\u00e3o para por a\u00ed, a cantora\u00a0Preta Gil\u00a0vai fazer a trilha sonora ao vivo. Voc\u00eas tamb\u00e9m est\u00e3o curiosos?<\/p>\n<p><a class=\"lightbox\" title=\"pretagil-vic-dbr-sep9\" href=\"https:\/\/i0.wp.com\/www.agrund.com\/wp-content\/uploads\/2012\/05\/pretagil-vic-dbr-sep9.jpg\"><img decoding=\"async\" loading=\"lazy\" class=\"aligncenter  wp-image-30788\" title=\"pretagil-vic-dbr-sep9\" src=\"https:\/\/i0.wp.com\/www.agrund.com\/wp-content\/uploads\/2012\/05\/pretagil-vic-dbr-sep9.jpg?resize=448%2C348\" alt=\"\" width=\"448\" height=\"348\" data-recalc-dims=\"1\" \/><\/a><br \/>\nFotos por Reprodu\u00e7\u00e3o.<\/p>\n","protected":false},"excerpt":{"rendered":"<p>O estilista Victor Dzenk ser\u00e1 o \u00fanico a desfilar na edi\u00e7\u00e3o ver\u00e3o 2013 do\u00a0Fashion Business. A cole\u00e7\u00e3o inspirada na Tropic\u00e1lia ser\u00e1 apresentada no pr\u00f3ximo dia 23.05, e o designer escolheu como cen\u00e1rio o centro Esportivo da\u00a0Rocinha.\u00a0E n\u00e3o para por a\u00ed, a cantora\u00a0Preta Gil\u00a0vai fazer a trilha sonora ao vivo. Voc\u00eas tamb\u00e9m est\u00e3o curiosos? Fotos por [&hellip;]<\/p>\n","protected":false},"author":8,"featured_media":30789,"comment_status":"open","ping_status":"open","sticky":false,"template":"","format":"standard","meta":{"jetpack_post_was_ever_published":false,"_jetpack_newsletter_access":"","jetpack_publicize_message":"","jetpack_is_tweetstorm":false,"jetpack_publicize_feature_enabled":true,"jetpack_social_post_already_shared":false,"jetpack_social_options":{"image_generator_settings":{"template":"highway","enabled":false}}},"categories":[2],"tags":[],"jetpack_publicize_connections":[],"jetpack_featured_media_url":"","jetpack_sharing_enabled":true,"jetpack_shortlink":"https:\/\/wp.me\/p3Hz0n-80z","jetpack_likes_enabled":true,"_links":{"self":[{"href":"https:\/\/agrund.com\/index.php\/wp-json\/wp\/v2\/posts\/30787"}],"collection":[{"href":"https:\/\/agrund.com\/index.php\/wp-json\/wp\/v2\/posts"}],"about":[{"href":"https:\/\/agrund.com\/index.php\/wp-json\/wp\/v2\/types\/post"}],"author":[{"embeddable":true,"href":"https:\/\/agrund.com\/index.php\/wp-json\/wp\/v2\/users\/8"}],"replies":[{"embeddable":true,"href":"https:\/\/agrund.com\/index.php\/wp-json\/wp\/v2\/comments?post=30787"}],"version-history":[{"count":0,"href":"https:\/\/agrund.com\/index.php\/wp-json\/wp\/v2\/posts\/30787\/revisions"}],"wp:featuredmedia":[{"embeddable":true,"href":"https:\/\/agrund.com\/index.php\/wp-json\/"}],"wp:attachment":[{"href":"https:\/\/agrund.com\/index.php\/wp-json\/wp\/v2\/media?parent=30787"}],"wp:term":[{"taxonomy":"category","embeddable":true,"href":"https:\/\/agrund.com\/index.php\/wp-json\/wp\/v2\/categories?post=30787"},{"taxonomy":"post_tag","embeddable":true,"href":"https:\/\/agrund.com\/index.php\/wp-json\/wp\/v2\/tags?post=30787"}],"curies":[{"name":"wp","href":"https:\/\/api.w.org\/{rel}","templated":true}]}}