{"id":30673,"date":"2012-05-15T18:26:38","date_gmt":"2012-05-15T21:26:38","guid":{"rendered":"http:\/\/www.agrund.com\/?p=30673"},"modified":"2012-05-15T18:26:38","modified_gmt":"2012-05-15T21:26:38","slug":"line-up-spfw-verao-2013","status":"publish","type":"post","link":"https:\/\/agrund.com\/index.php\/line-up-spfw-verao-2013\/","title":{"rendered":"Line up SPFW Ver\u00e3o 2013"},"content":{"rendered":"<p>Na sua\u00a033\u00aa edi\u00e7\u00e3o O SPFW acredita na criatividade e inova\u00e7\u00e3o como instrumentos capazes de abrir espa\u00e7o para a express\u00e3o individual e coletiva, articulando moda, arte e design no sentido de resgatar manifesta\u00e7\u00f5es cotidianas e v\u00ednculos perdidos. E como j\u00e1 demos aqui, essa edi\u00e7\u00e3o est\u00e1 cheia de novidades, confira o line up da temporada.<\/p>\n<p>SEGUNDA FEIRA (11\/06)<\/p>\n<p>1 Animale 16h30<br \/>\n2 Alexandre Herchcovitch (fem) 17h45<br \/>\n3 Tufi Duek 19h00<br \/>\n4 FH por Fause Haten 20h30<br \/>\n5 Triton 21h30<\/p>\n<p>TER\u00c7A-FEIRA (12\/06)<\/p>\n<p>1 Paula Raia 11h00<br \/>\n2 Ellus 15h30<br \/>\n3 Movimento 17h00<br \/>\n4 I\u00f3dice 18h30<br \/>\n5 Ronaldo Fraga 20h30<\/p>\n<p>QUARTA-FEIRA (13\/06)<\/p>\n<p>1 \u00c1gua de Coco por Liana Thomaz 17h00<br \/>\n2 Uma Raquel Davidowicz 18h30<br \/>\n3 Adriana Degreas 20h00<br \/>\n4 Forum 21h30<\/p>\n<p>QUINTA-FEIRA (14\/06)<\/p>\n<p>1 Neon 15h30<br \/>\n2 Jo\u00e3o Pimenta 16h30<br \/>\n3 Juliana Jabour 17h30<br \/>\n4 Jefferson Kulig 18h30<br \/>\n5 Osklen 20h00<br \/>\n6 Colcci 21h30<\/p>\n<p>SEXTA-FEIRA (15\/06)<\/p>\n<p>1 Reinaldo Louren\u00e7o 11h30<br \/>\n2 R.Rosner 15h30<br \/>\n3 Gloria Coelho 17h00<br \/>\n4 Alexandre Herchcovitch (masc) 18h30<br \/>\n5 Vitorino Campos 20h00<br \/>\n6 Lino Villaventura 21h30<\/p>\n<p>S\u00c1BADO (16\/06)<\/p>\n<p>1 Cavalera 11h00<br \/>\n2 Andr\u00e9 Lima 13h00<br \/>\n3 T\u00eaca por H\u00ealo Rocha 15h30<br \/>\n4 Fernanda Yamamoto 17h00<br \/>\n5 Amap\u00f4 18h30<br \/>\n6 Samuel Cirnansck 20h00<\/p>\n<p style=\"text-align: center\"><a class=\"lightbox\" title=\"Ready_to_Wear_Fall_Winter_2012_Cavalera_Sao_Paulo_Fashion_Week\" href=\"https:\/\/i0.wp.com\/www.agrund.com\/wp-content\/uploads\/2012\/05\/Cavalera-Inverno-2012.jpg\"><img decoding=\"async\" loading=\"lazy\" class=\"aligncenter  wp-image-30677\" title=\"Ready_to_Wear_Fall_Winter_2012_Cavalera_Sao_Paulo_Fashion_Week\" src=\"https:\/\/i0.wp.com\/www.agrund.com\/wp-content\/uploads\/2012\/05\/Cavalera-Inverno-2012.jpg?resize=398%2C600\" alt=\"\" width=\"398\" height=\"600\" data-recalc-dims=\"1\" \/><\/a><\/p>\n<p style=\"text-align: center\"><a class=\"lightbox\" title=\"Animale Inverno 2012\" href=\"https:\/\/i0.wp.com\/www.agrund.com\/wp-content\/uploads\/2012\/05\/Animale-Inverno-2012.jpg\"><img decoding=\"async\" loading=\"lazy\" class=\"aligncenter size-full wp-image-30676\" title=\"Animale Inverno 2012\" src=\"https:\/\/i0.wp.com\/www.agrund.com\/wp-content\/uploads\/2012\/05\/Animale-Inverno-2012.jpg?resize=398%2C600\" alt=\"\" width=\"398\" height=\"600\" data-recalc-dims=\"1\" \/><\/a><\/p>\n<p style=\"text-align: center\"><a class=\"lightbox\" title=\"Alexandre Herchcovitch Feminino - SPFW Inverno 2012\" href=\"https:\/\/i0.wp.com\/www.agrund.com\/wp-content\/uploads\/2012\/05\/Alexandre-Herchcovitch-Inverno-2012.jpg\"><img decoding=\"async\" loading=\"lazy\" class=\"aligncenter  wp-image-30674\" title=\"Alexandre Herchcovitch Feminino - SPFW Inverno 2012\" src=\"https:\/\/i0.wp.com\/www.agrund.com\/wp-content\/uploads\/2012\/05\/Alexandre-Herchcovitch-Inverno-2012.jpg?resize=527%2C395\" alt=\"\" width=\"527\" height=\"395\" data-recalc-dims=\"1\" \/><\/a><\/p>\n<p style=\"text-align: center\"><a class=\"lightbox\" title=\"Andre Lima - SPFW Inverno 2012\" href=\"https:\/\/i0.wp.com\/www.agrund.com\/wp-content\/uploads\/2012\/05\/Andr\u00e9-Lima-Inverno-2012.jpg\"><img decoding=\"async\" loading=\"lazy\" class=\"aligncenter  wp-image-30675\" title=\"Andre Lima - SPFW Inverno 2012\" src=\"https:\/\/i0.wp.com\/www.agrund.com\/wp-content\/uploads\/2012\/05\/Andr\u00e9-Lima-Inverno-2012.jpg?resize=527%2C395\" alt=\"\" width=\"527\" height=\"395\" data-recalc-dims=\"1\" \/><\/a><\/p>\n","protected":false},"excerpt":{"rendered":"<p>Na sua\u00a033\u00aa edi\u00e7\u00e3o O SPFW acredita na criatividade e inova\u00e7\u00e3o como instrumentos capazes de abrir espa\u00e7o para a express\u00e3o individual e coletiva, articulando moda, arte e design no sentido de resgatar manifesta\u00e7\u00f5es cotidianas e v\u00ednculos perdidos. E como j\u00e1 demos aqui, essa edi\u00e7\u00e3o est\u00e1 cheia de novidades, confira o line up da temporada. SEGUNDA FEIRA [&hellip;]<\/p>\n","protected":false},"author":8,"featured_media":30678,"comment_status":"open","ping_status":"open","sticky":false,"template":"","format":"standard","meta":{"jetpack_post_was_ever_published":false,"_jetpack_newsletter_access":"","jetpack_publicize_message":"","jetpack_is_tweetstorm":false,"jetpack_publicize_feature_enabled":true,"jetpack_social_post_already_shared":false,"jetpack_social_options":{"image_generator_settings":{"template":"highway","enabled":false}}},"categories":[2],"tags":[],"jetpack_publicize_connections":[],"jetpack_featured_media_url":"","jetpack_sharing_enabled":true,"jetpack_shortlink":"https:\/\/wp.me\/p3Hz0n-7YJ","jetpack_likes_enabled":true,"_links":{"self":[{"href":"https:\/\/agrund.com\/index.php\/wp-json\/wp\/v2\/posts\/30673"}],"collection":[{"href":"https:\/\/agrund.com\/index.php\/wp-json\/wp\/v2\/posts"}],"about":[{"href":"https:\/\/agrund.com\/index.php\/wp-json\/wp\/v2\/types\/post"}],"author":[{"embeddable":true,"href":"https:\/\/agrund.com\/index.php\/wp-json\/wp\/v2\/users\/8"}],"replies":[{"embeddable":true,"href":"https:\/\/agrund.com\/index.php\/wp-json\/wp\/v2\/comments?post=30673"}],"version-history":[{"count":0,"href":"https:\/\/agrund.com\/index.php\/wp-json\/wp\/v2\/posts\/30673\/revisions"}],"wp:featuredmedia":[{"embeddable":true,"href":"https:\/\/agrund.com\/index.php\/wp-json\/"}],"wp:attachment":[{"href":"https:\/\/agrund.com\/index.php\/wp-json\/wp\/v2\/media?parent=30673"}],"wp:term":[{"taxonomy":"category","embeddable":true,"href":"https:\/\/agrund.com\/index.php\/wp-json\/wp\/v2\/categories?post=30673"},{"taxonomy":"post_tag","embeddable":true,"href":"https:\/\/agrund.com\/index.php\/wp-json\/wp\/v2\/tags?post=30673"}],"curies":[{"name":"wp","href":"https:\/\/api.w.org\/{rel}","templated":true}]}}