{"id":30424,"date":"2012-05-14T19:00:34","date_gmt":"2012-05-14T22:00:34","guid":{"rendered":"http:\/\/www.agrund.com\/?p=30424"},"modified":"2012-05-14T19:00:34","modified_gmt":"2012-05-14T22:00:34","slug":"marc-jacobs-pichacao-que-virou-camiseta","status":"publish","type":"post","link":"https:\/\/agrund.com\/index.php\/marc-jacobs-pichacao-que-virou-camiseta\/","title":{"rendered":"Marc Jacobs: Picha\u00e7\u00e3o que virou camiseta"},"content":{"rendered":"<p>Na semana passada a loja do estilista Marc Jacobs no SoHo, em Nova York, amanheceu com uma interven\u00e7\u00e3o do grafiteiro Kidult. Ele escreveu a palavra \u201cart\u201d por toda a fachada da loja na manh\u00e3 de ter\u00e7a-feira (08.05). Horas depois a pintura j\u00e1 n\u00e3o estava mais l\u00e1 e a marca compartilhou uma foto da loja com a legenda \u201cArt by Art Jacobs\u201d no perfil do Twitter.<\/p>\n<p>Pra quem achou que a hist\u00f3ria terminava ali muito se engana, a grife transformou a imagem da picha\u00e7\u00e3o em uma camiseta, toda pink com a foto estampada e a frase logo embaixo e que j\u00e1 est\u00e1 a venda por U$$ 689. O senso de humor de Marc \u00e9 tudo!<\/p>\n<p><a class=\"lightbox\" title=\"marcjacobs_pichacao_vg12_01\" href=\"https:\/\/i0.wp.com\/www.agrund.com\/wp-content\/uploads\/2012\/05\/marcjacobs_pichacao_vg12_01.jpg\"><img decoding=\"async\" loading=\"lazy\" class=\"aligncenter size-full wp-image-30425\" title=\"marcjacobs_pichacao_vg12_01\" src=\"https:\/\/i0.wp.com\/www.agrund.com\/wp-content\/uploads\/2012\/05\/marcjacobs_pichacao_vg12_01.jpg?resize=640%2C474\" alt=\"\" width=\"640\" height=\"474\" data-recalc-dims=\"1\" \/><\/a><\/p>\n<p><a class=\"lightbox\" title=\"marcjacobs_pichacao_vg12_02\" href=\"https:\/\/i0.wp.com\/www.agrund.com\/wp-content\/uploads\/2012\/05\/marcjacobs_pichacao_vg12_02.jpg\"><img decoding=\"async\" loading=\"lazy\" class=\"aligncenter size-full wp-image-30426\" title=\"marcjacobs_pichacao_vg12_02\" src=\"https:\/\/i0.wp.com\/www.agrund.com\/wp-content\/uploads\/2012\/05\/marcjacobs_pichacao_vg12_02.jpg?resize=321%2C337\" alt=\"\" width=\"321\" height=\"337\" data-recalc-dims=\"1\" \/><\/a><\/p>\n<p>&nbsp;<\/p>\n<p>Fotos por Reprodu\u00e7\u00e3o.<\/p>\n","protected":false},"excerpt":{"rendered":"<p>Na semana passada a loja do estilista Marc Jacobs no SoHo, em Nova York, amanheceu com uma interven\u00e7\u00e3o do grafiteiro Kidult. Ele escreveu a palavra \u201cart\u201d por toda a fachada da loja na manh\u00e3 de ter\u00e7a-feira (08.05). Horas depois a pintura j\u00e1 n\u00e3o estava mais l\u00e1 e a marca compartilhou uma foto da loja com [&hellip;]<\/p>\n","protected":false},"author":8,"featured_media":30427,"comment_status":"open","ping_status":"open","sticky":false,"template":"","format":"standard","meta":{"jetpack_post_was_ever_published":false,"_jetpack_newsletter_access":"","jetpack_publicize_message":"","jetpack_is_tweetstorm":false,"jetpack_publicize_feature_enabled":true,"jetpack_social_post_already_shared":false,"jetpack_social_options":{"image_generator_settings":{"template":"highway","enabled":false}}},"categories":[6],"tags":[],"jetpack_publicize_connections":[],"jetpack_featured_media_url":"","jetpack_sharing_enabled":true,"jetpack_shortlink":"https:\/\/wp.me\/p3Hz0n-7UI","jetpack_likes_enabled":true,"_links":{"self":[{"href":"https:\/\/agrund.com\/index.php\/wp-json\/wp\/v2\/posts\/30424"}],"collection":[{"href":"https:\/\/agrund.com\/index.php\/wp-json\/wp\/v2\/posts"}],"about":[{"href":"https:\/\/agrund.com\/index.php\/wp-json\/wp\/v2\/types\/post"}],"author":[{"embeddable":true,"href":"https:\/\/agrund.com\/index.php\/wp-json\/wp\/v2\/users\/8"}],"replies":[{"embeddable":true,"href":"https:\/\/agrund.com\/index.php\/wp-json\/wp\/v2\/comments?post=30424"}],"version-history":[{"count":0,"href":"https:\/\/agrund.com\/index.php\/wp-json\/wp\/v2\/posts\/30424\/revisions"}],"wp:featuredmedia":[{"embeddable":true,"href":"https:\/\/agrund.com\/index.php\/wp-json\/"}],"wp:attachment":[{"href":"https:\/\/agrund.com\/index.php\/wp-json\/wp\/v2\/media?parent=30424"}],"wp:term":[{"taxonomy":"category","embeddable":true,"href":"https:\/\/agrund.com\/index.php\/wp-json\/wp\/v2\/categories?post=30424"},{"taxonomy":"post_tag","embeddable":true,"href":"https:\/\/agrund.com\/index.php\/wp-json\/wp\/v2\/tags?post=30424"}],"curies":[{"name":"wp","href":"https:\/\/api.w.org\/{rel}","templated":true}]}}