{"id":30351,"date":"2012-05-12T19:50:31","date_gmt":"2012-05-12T22:50:31","guid":{"rendered":"http:\/\/www.agrund.com\/?p=30351"},"modified":"2012-05-12T19:50:31","modified_gmt":"2012-05-12T22:50:31","slug":"bastidores-esquadrao-da-moda-patricia","status":"publish","type":"post","link":"https:\/\/agrund.com\/index.php\/bastidores-esquadrao-da-moda-patricia\/","title":{"rendered":"Bastidores :: Esquadr\u00e3o da Moda \u2013 Patr\u00edcia"},"content":{"rendered":"<p>Hoje, 12 de maio, v\u00e9spera do Dia das M\u00e3es, uma professora de hist\u00f3ria e m\u00e3e tamb\u00e9m, vai ser capturada pelo Esquadr\u00e3o da Moda. Seu estilo? Uma confus\u00e3o s\u00f3! Mas o que n\u00e3o falta na Patr\u00edcia \u00e9 energia e muita anima\u00e7\u00e3o. Confira aqui algumas imagens dos Bastidores do programa de hoje!<\/p>\n<div id=\"attachment_30359\" style=\"width: 494px\" class=\"wp-caption aligncenter\"><a class=\"lightbox\" title=\"Sr Oswaldo e Priscilla dando adeus\" href=\"https:\/\/i0.wp.com\/www.agrund.com\/wp-content\/uploads\/2012\/05\/Sr-Oswaldo-e-Priscilla-dando-adeus.jpg\"><img aria-describedby=\"caption-attachment-30359\" decoding=\"async\" loading=\"lazy\" class=\" wp-image-30359   \" title=\"Sr Oswaldo e Priscilla dando adeus\" src=\"https:\/\/i0.wp.com\/www.agrund.com\/wp-content\/uploads\/2012\/05\/Sr-Oswaldo-e-Priscilla-dando-adeus.jpg?resize=484%2C272\" alt=\"Sr Oswaldo e Priscilla dando adeus\" width=\"484\" height=\"272\" data-recalc-dims=\"1\" \/><\/a><p id=\"caption-attachment-30359\" class=\"wp-caption-text\">Sr Oswaldo e Priscilla dando adeus<\/p><\/div>\n<div id=\"attachment_30358\" style=\"width: 494px\" class=\"wp-caption aligncenter\"><a class=\"lightbox\" title=\"Silvio Plaft preparando a mesa de make\" href=\"https:\/\/i0.wp.com\/www.agrund.com\/wp-content\/uploads\/2012\/05\/Silvio-Plaft-preparando-a-mesa-de-make.jpg\"><img aria-describedby=\"caption-attachment-30358\" decoding=\"async\" loading=\"lazy\" class=\" wp-image-30358   \" title=\"Silvio Plaft preparando a mesa de make\" src=\"https:\/\/i0.wp.com\/www.agrund.com\/wp-content\/uploads\/2012\/05\/Silvio-Plaft-preparando-a-mesa-de-make-1024x576.jpg?resize=484%2C242\" alt=\"Silvio Plaft preparando a mesa de make\" width=\"484\" height=\"242\" data-recalc-dims=\"1\" \/><\/a><p id=\"caption-attachment-30358\" class=\"wp-caption-text\">Silvio Plaft preparando a mesa de make<\/p><\/div>\n<div id=\"attachment_30357\" style=\"width: 494px\" class=\"wp-caption aligncenter\"><a class=\"lightbox\" title=\"Patr\u00edcia animad\u00edssima\" href=\"https:\/\/i0.wp.com\/www.agrund.com\/wp-content\/uploads\/2012\/05\/Patr\u00edcia-animad\u00edssima.jpg\"><img aria-describedby=\"caption-attachment-30357\" decoding=\"async\" loading=\"lazy\" class=\" wp-image-30357  \" title=\"Patr\u00edcia animad\u00edssima\" src=\"https:\/\/i0.wp.com\/www.agrund.com\/wp-content\/uploads\/2012\/05\/Patr\u00edcia-animad\u00edssima-1024x576.jpg?resize=484%2C272\" alt=\"Patr\u00edcia animad\u00edssima\" width=\"484\" height=\"272\" data-recalc-dims=\"1\" \/><\/a><p id=\"caption-attachment-30357\" class=\"wp-caption-text\">Patr\u00edcia animad\u00edssima<\/p><\/div>\n<div id=\"attachment_30356\" style=\"width: 494px\" class=\"wp-caption aligncenter\"><a class=\"lightbox\" title=\"No segundo dia de compras\" href=\"https:\/\/i0.wp.com\/www.agrund.com\/wp-content\/uploads\/2012\/05\/No-segundo-dia-de-compras.jpg\"><img aria-describedby=\"caption-attachment-30356\" decoding=\"async\" loading=\"lazy\" class=\" wp-image-30356  \" title=\"No segundo dia de compras\" src=\"https:\/\/i0.wp.com\/www.agrund.com\/wp-content\/uploads\/2012\/05\/No-segundo-dia-de-compras-1024x576.jpg?resize=484%2C272\" alt=\"No segundo dia de compras\" width=\"484\" height=\"272\" data-recalc-dims=\"1\" \/><\/a><p id=\"caption-attachment-30356\" class=\"wp-caption-text\">No segundo dia de compras<\/p><\/div>\n<div id=\"attachment_30355\" style=\"width: 494px\" class=\"wp-caption aligncenter\"><a class=\"lightbox\" title=\"Momento consultoria\" href=\"https:\/\/i0.wp.com\/www.agrund.com\/wp-content\/uploads\/2012\/05\/Momento-consultoria.jpg\"><img aria-describedby=\"caption-attachment-30355\" decoding=\"async\" loading=\"lazy\" class=\" wp-image-30355  \" title=\"Momento consultoria\" src=\"https:\/\/i0.wp.com\/www.agrund.com\/wp-content\/uploads\/2012\/05\/Momento-consultoria-1024x576.jpg?resize=484%2C272\" alt=\"Momento consultoria\" width=\"484\" height=\"272\" data-recalc-dims=\"1\" \/><\/a><p id=\"caption-attachment-30355\" class=\"wp-caption-text\">Momento consultoria<\/p><\/div>\n<div id=\"attachment_30353\" style=\"width: 494px\" class=\"wp-caption aligncenter\"><a class=\"lightbox\" title=\"Fazendo fotos na loja O Alca\u00e7uz para o Di\u00e1rio de S\u00e3o Paulo\" href=\"https:\/\/i0.wp.com\/www.agrund.com\/wp-content\/uploads\/2012\/05\/Fazendo-fotos-na-loja-O-Alca\u00e7uz-para-o-Di\u00e1rio-de-S\u00e3o-Paulo.jpg\"><img aria-describedby=\"caption-attachment-30353\" decoding=\"async\" loading=\"lazy\" class=\" wp-image-30353  \" title=\"Fazendo fotos na loja O Alca\u00e7uz para o Di\u00e1rio de S\u00e3o Paulo\" src=\"https:\/\/i0.wp.com\/www.agrund.com\/wp-content\/uploads\/2012\/05\/Fazendo-fotos-na-loja-O-Alca\u00e7uz-para-o-Di\u00e1rio-de-S\u00e3o-Paulo-1024x576.jpg?resize=484%2C272\" alt=\"Fazendo fotos na loja O Alca\u00e7uz para o Di\u00e1rio de S\u00e3o Paulo\" width=\"484\" height=\"272\" data-recalc-dims=\"1\" \/><\/a><p id=\"caption-attachment-30353\" class=\"wp-caption-text\">Fazendo fotos na loja O Alca\u00e7uz para o Di\u00e1rio de S\u00e3o Paulo<\/p><\/div>\n<div id=\"attachment_30352\" style=\"width: 484px\" class=\"wp-caption aligncenter\"><a class=\"lightbox\" title=\"Bella e Eu\" href=\"https:\/\/i0.wp.com\/www.agrund.com\/wp-content\/uploads\/2012\/05\/Bella-e-Eu.jpg\"><img aria-describedby=\"caption-attachment-30352\" decoding=\"async\" loading=\"lazy\" class=\" wp-image-30352    \" title=\"Bella e Eu\" src=\"https:\/\/i0.wp.com\/www.agrund.com\/wp-content\/uploads\/2012\/05\/Bella-e-Eu-1024x576.jpg?resize=474%2C272\" alt=\"Bella e Eu\" width=\"474\" height=\"272\" data-recalc-dims=\"1\" \/><\/a><p id=\"caption-attachment-30352\" class=\"wp-caption-text\">Bella e Eu<\/p><\/div>\n<div id=\"attachment_30354\" style=\"width: 484px\" class=\"wp-caption aligncenter\"><a class=\"lightbox\" title=\"Look O Alca\u00e7uz\" href=\"https:\/\/i0.wp.com\/www.agrund.com\/wp-content\/uploads\/2012\/05\/Look-O-Alca\u00e7uz.jpg\"><img aria-describedby=\"caption-attachment-30354\" decoding=\"async\" loading=\"lazy\" class=\" wp-image-30354   \" title=\"Look O Alca\u00e7uz\" src=\"https:\/\/i0.wp.com\/www.agrund.com\/wp-content\/uploads\/2012\/05\/Look-O-Alca\u00e7uz-576x1024.jpg?resize=474%2C737\" alt=\"Look O Alca\u00e7uz\" width=\"474\" height=\"737\" data-recalc-dims=\"1\" \/><\/a><p id=\"caption-attachment-30354\" class=\"wp-caption-text\">Look O Alca\u00e7uz<\/p><\/div>\n<p>&nbsp;<\/p>\n","protected":false},"excerpt":{"rendered":"<p>Hoje, 12 de maio, v\u00e9spera do Dia das M\u00e3es, uma professora de hist\u00f3ria e m\u00e3e tamb\u00e9m, vai ser capturada pelo Esquadr\u00e3o da Moda. Seu estilo? Uma confus\u00e3o s\u00f3! Mas o que n\u00e3o falta na Patr\u00edcia \u00e9 energia e muita anima\u00e7\u00e3o. Confira aqui algumas imagens dos Bastidores do programa de hoje! &nbsp;<\/p>\n","protected":false},"author":8,"featured_media":30357,"comment_status":"open","ping_status":"open","sticky":false,"template":"","format":"standard","meta":{"jetpack_post_was_ever_published":false,"_jetpack_newsletter_access":"","jetpack_publicize_message":"","jetpack_is_tweetstorm":false,"jetpack_publicize_feature_enabled":true,"jetpack_social_post_already_shared":false,"jetpack_social_options":{"image_generator_settings":{"template":"highway","enabled":false}}},"categories":[338,2],"tags":[],"jetpack_publicize_connections":[],"jetpack_featured_media_url":"","jetpack_sharing_enabled":true,"jetpack_shortlink":"https:\/\/wp.me\/p3Hz0n-7Tx","jetpack_likes_enabled":true,"_links":{"self":[{"href":"https:\/\/agrund.com\/index.php\/wp-json\/wp\/v2\/posts\/30351"}],"collection":[{"href":"https:\/\/agrund.com\/index.php\/wp-json\/wp\/v2\/posts"}],"about":[{"href":"https:\/\/agrund.com\/index.php\/wp-json\/wp\/v2\/types\/post"}],"author":[{"embeddable":true,"href":"https:\/\/agrund.com\/index.php\/wp-json\/wp\/v2\/users\/8"}],"replies":[{"embeddable":true,"href":"https:\/\/agrund.com\/index.php\/wp-json\/wp\/v2\/comments?post=30351"}],"version-history":[{"count":0,"href":"https:\/\/agrund.com\/index.php\/wp-json\/wp\/v2\/posts\/30351\/revisions"}],"wp:featuredmedia":[{"embeddable":true,"href":"https:\/\/agrund.com\/index.php\/wp-json\/"}],"wp:attachment":[{"href":"https:\/\/agrund.com\/index.php\/wp-json\/wp\/v2\/media?parent=30351"}],"wp:term":[{"taxonomy":"category","embeddable":true,"href":"https:\/\/agrund.com\/index.php\/wp-json\/wp\/v2\/categories?post=30351"},{"taxonomy":"post_tag","embeddable":true,"href":"https:\/\/agrund.com\/index.php\/wp-json\/wp\/v2\/tags?post=30351"}],"curies":[{"name":"wp","href":"https:\/\/api.w.org\/{rel}","templated":true}]}}