{"id":29917,"date":"2012-05-07T19:00:41","date_gmt":"2012-05-07T22:00:41","guid":{"rendered":"http:\/\/www.agrund.com\/?p=29917"},"modified":"2012-05-07T19:00:41","modified_gmt":"2012-05-07T22:00:41","slug":"exposicao-e-premiacao-de-fernanda-calfat","status":"publish","type":"post","link":"https:\/\/agrund.com\/index.php\/exposicao-e-premiacao-de-fernanda-calfat\/","title":{"rendered":"Exposi\u00e7\u00e3o e premia\u00e7\u00e3o de Fernanda Calfat"},"content":{"rendered":"<p>Hoje entre as 19h e 22h a fot\u00f3grafa Fernanda Calfat vai expor fotos que fazem parte de sua cole\u00e7\u00e3o. Visions Reflected e o Segundo Lugar da Bienal Internavional de Roma, com a foto Gisele, estar\u00e3o expostos. Na ocasi\u00e3o da exposi\u00e7\u00e3o ela receber\u00e1 da diretora da Bienal de Roma, L\u00edvia Bucci, o pr\u00eamio e diploma. E evento\/expo ser\u00e1 no est\u00fadio da pr\u00f3pria fot\u00f3grafa. Vamos?<\/p>\n<p>Studio Fernanda Calfat<\/p>\n<p>Av. Nove de Julho, 4865\/1\u00aa, S\u00e3o Paulo.<\/p>\n<p>&nbsp;<\/p>\n<p><a class=\"lightbox\" title=\"2\" href=\"https:\/\/i0.wp.com\/www.agrund.com\/wp-content\/uploads\/2012\/05\/22.jpg\"><img decoding=\"async\" loading=\"lazy\" class=\"aligncenter size-full wp-image-29919\" title=\"2\" src=\"https:\/\/i0.wp.com\/www.agrund.com\/wp-content\/uploads\/2012\/05\/22.jpg?resize=353%2C535\" alt=\"\" width=\"353\" height=\"535\" data-recalc-dims=\"1\" \/><\/a><\/p>\n","protected":false},"excerpt":{"rendered":"<p>Hoje entre as 19h e 22h a fot\u00f3grafa Fernanda Calfat vai expor fotos que fazem parte de sua cole\u00e7\u00e3o. Visions Reflected e o Segundo Lugar da Bienal Internavional de Roma, com a foto Gisele, estar\u00e3o expostos. Na ocasi\u00e3o da exposi\u00e7\u00e3o ela receber\u00e1 da diretora da Bienal de Roma, L\u00edvia Bucci, o pr\u00eamio e diploma. E [&hellip;]<\/p>\n","protected":false},"author":8,"featured_media":29918,"comment_status":"open","ping_status":"open","sticky":false,"template":"","format":"standard","meta":{"jetpack_post_was_ever_published":false,"_jetpack_newsletter_access":"","jetpack_publicize_message":"","jetpack_is_tweetstorm":false,"jetpack_publicize_feature_enabled":true,"jetpack_social_post_already_shared":false,"jetpack_social_options":{"image_generator_settings":{"template":"highway","enabled":false}}},"categories":[32],"tags":[],"jetpack_publicize_connections":[],"jetpack_featured_media_url":"","jetpack_sharing_enabled":true,"jetpack_shortlink":"https:\/\/wp.me\/p3Hz0n-7Mx","jetpack_likes_enabled":true,"_links":{"self":[{"href":"https:\/\/agrund.com\/index.php\/wp-json\/wp\/v2\/posts\/29917"}],"collection":[{"href":"https:\/\/agrund.com\/index.php\/wp-json\/wp\/v2\/posts"}],"about":[{"href":"https:\/\/agrund.com\/index.php\/wp-json\/wp\/v2\/types\/post"}],"author":[{"embeddable":true,"href":"https:\/\/agrund.com\/index.php\/wp-json\/wp\/v2\/users\/8"}],"replies":[{"embeddable":true,"href":"https:\/\/agrund.com\/index.php\/wp-json\/wp\/v2\/comments?post=29917"}],"version-history":[{"count":0,"href":"https:\/\/agrund.com\/index.php\/wp-json\/wp\/v2\/posts\/29917\/revisions"}],"wp:featuredmedia":[{"embeddable":true,"href":"https:\/\/agrund.com\/index.php\/wp-json\/"}],"wp:attachment":[{"href":"https:\/\/agrund.com\/index.php\/wp-json\/wp\/v2\/media?parent=29917"}],"wp:term":[{"taxonomy":"category","embeddable":true,"href":"https:\/\/agrund.com\/index.php\/wp-json\/wp\/v2\/categories?post=29917"},{"taxonomy":"post_tag","embeddable":true,"href":"https:\/\/agrund.com\/index.php\/wp-json\/wp\/v2\/tags?post=29917"}],"curies":[{"name":"wp","href":"https:\/\/api.w.org\/{rel}","templated":true}]}}