{"id":29872,"date":"2012-05-07T15:00:17","date_gmt":"2012-05-07T18:00:17","guid":{"rendered":"http:\/\/www.agrund.com\/?p=29872"},"modified":"2012-05-07T15:00:17","modified_gmt":"2012-05-07T18:00:17","slug":"a-calca-de-couro","status":"publish","type":"post","link":"https:\/\/agrund.com\/index.php\/a-calca-de-couro\/","title":{"rendered":"A cal\u00e7a de couro"},"content":{"rendered":"<p>A cal\u00e7a foi o item que mais evoluiu no vesti\u00e1rio masculino e continua se modificando com o tempo. Hoje vou falar das de couro, sei que no nosso pais tropical \u201caben\u00e7oado por Deus e bonito por natureza\u201d rs,\u00a0 fica meio dif\u00edcil us\u00e1-las, mais nosso inverno est\u00e1 chegando e acho que vai vir pesado. J\u00e1 foi o tempo em que s\u00f3 os roqueiros, e motoqueiros usavam cal\u00e7a de couro. As modelagens hoje s\u00e3o diversas, fazendo da cal\u00e7a a pe\u00e7a mais democr\u00e1tica do nosso arm\u00e1rio. Para voc\u00ea que gosta de estar antenado com a moda, vale a pena investir numa, afinal de contas vai ser um investimento duradouro. Ela nunca sair\u00e1 da moda.<\/p>\n<div id=\"attachment_29876\" style=\"width: 330px\" class=\"wp-caption aligncenter\"><a class=\"lightbox\" title=\"cal\u00e7a couro Victor e Rolf\" href=\"https:\/\/i0.wp.com\/www.agrund.com\/wp-content\/uploads\/2012\/05\/cal\u00e7a-couro-Victor-e-Rolf.jpg\"><img aria-describedby=\"caption-attachment-29876\" decoding=\"async\" loading=\"lazy\" class=\"size-full wp-image-29876\" title=\"cal\u00e7a couro Victor e Rolf\" src=\"https:\/\/i0.wp.com\/www.agrund.com\/wp-content\/uploads\/2012\/05\/cal\u00e7a-couro-Victor-e-Rolf.jpg?resize=320%2C480\" alt=\"\" width=\"320\" height=\"480\" data-recalc-dims=\"1\" \/><\/a><p id=\"caption-attachment-29876\" class=\"wp-caption-text\">Cal\u00e7a de couro Victor e Rolf<\/p><\/div>\n<div id=\"attachment_29875\" style=\"width: 330px\" class=\"wp-caption aligncenter\"><a class=\"lightbox\" title=\"cal\u00e7a couro versace\" href=\"https:\/\/i0.wp.com\/www.agrund.com\/wp-content\/uploads\/2012\/05\/cal\u00e7a-couro-versace.jpg\"><img aria-describedby=\"caption-attachment-29875\" decoding=\"async\" loading=\"lazy\" class=\"size-full wp-image-29875\" title=\"cal\u00e7a couro versace\" src=\"https:\/\/i0.wp.com\/www.agrund.com\/wp-content\/uploads\/2012\/05\/cal\u00e7a-couro-versace.jpg?resize=320%2C480\" alt=\"Cal\u00e7a de couro Versace\" width=\"320\" height=\"480\" data-recalc-dims=\"1\" \/><\/a><p id=\"caption-attachment-29875\" class=\"wp-caption-text\">Cal\u00e7a de couro Versace<\/p><\/div>\n<div id=\"attachment_29874\" style=\"width: 330px\" class=\"wp-caption aligncenter\"><a class=\"lightbox\" title=\"cal\u00e7a couro Tommy\" href=\"https:\/\/i0.wp.com\/www.agrund.com\/wp-content\/uploads\/2012\/05\/cal\u00e7a-couro-Tommy.jpg\"><img aria-describedby=\"caption-attachment-29874\" decoding=\"async\" loading=\"lazy\" class=\"size-full wp-image-29874\" title=\"cal\u00e7a couro Tommy\" src=\"https:\/\/i0.wp.com\/www.agrund.com\/wp-content\/uploads\/2012\/05\/cal\u00e7a-couro-Tommy.jpg?resize=320%2C480\" alt=\"Cal\u00e7a de couro Tommy\" width=\"320\" height=\"480\" data-recalc-dims=\"1\" \/><\/a><p id=\"caption-attachment-29874\" class=\"wp-caption-text\">Cal\u00e7a de couro Tommy<\/p><\/div>\n<div id=\"attachment_29873\" style=\"width: 330px\" class=\"wp-caption aligncenter\"><a class=\"lightbox\" title=\"cal\u00e7a couro roberto cavalli\" href=\"https:\/\/i0.wp.com\/www.agrund.com\/wp-content\/uploads\/2012\/05\/cal\u00e7a-couro-roberto-cavalli.jpg\"><img aria-describedby=\"caption-attachment-29873\" decoding=\"async\" loading=\"lazy\" class=\"size-full wp-image-29873\" title=\"cal\u00e7a couro roberto cavalli\" src=\"https:\/\/i0.wp.com\/www.agrund.com\/wp-content\/uploads\/2012\/05\/cal\u00e7a-couro-roberto-cavalli.jpg?resize=320%2C480\" alt=\"Cal\u00e7a de couro Roberto Cavalli\" width=\"320\" height=\"480\" data-recalc-dims=\"1\" \/><\/a><p id=\"caption-attachment-29873\" class=\"wp-caption-text\">Cal\u00e7a de couro Roberto Cavalli<\/p><\/div>\n<p>&nbsp;<\/p>\n<p>Imagens: Reprodu\u00e7\u00e3o.<\/p>\n","protected":false},"excerpt":{"rendered":"<p>A cal\u00e7a foi o item que mais evoluiu no vesti\u00e1rio masculino e continua se modificando com o tempo. Hoje vou falar das de couro, sei que no nosso pais tropical \u201caben\u00e7oado por Deus e bonito por natureza\u201d rs,\u00a0 fica meio dif\u00edcil us\u00e1-las, mais nosso inverno est\u00e1 chegando e acho que vai vir pesado. J\u00e1 foi [&hellip;]<\/p>\n","protected":false},"author":8,"featured_media":29877,"comment_status":"open","ping_status":"open","sticky":false,"template":"","format":"standard","meta":{"jetpack_post_was_ever_published":false,"_jetpack_newsletter_access":"","jetpack_publicize_message":"","jetpack_is_tweetstorm":false,"jetpack_publicize_feature_enabled":true,"jetpack_social_post_already_shared":false,"jetpack_social_options":{"image_generator_settings":{"template":"highway","enabled":false}}},"categories":[6],"tags":[],"jetpack_publicize_connections":[],"jetpack_featured_media_url":"","jetpack_sharing_enabled":true,"jetpack_shortlink":"https:\/\/wp.me\/p3Hz0n-7LO","jetpack_likes_enabled":true,"_links":{"self":[{"href":"https:\/\/agrund.com\/index.php\/wp-json\/wp\/v2\/posts\/29872"}],"collection":[{"href":"https:\/\/agrund.com\/index.php\/wp-json\/wp\/v2\/posts"}],"about":[{"href":"https:\/\/agrund.com\/index.php\/wp-json\/wp\/v2\/types\/post"}],"author":[{"embeddable":true,"href":"https:\/\/agrund.com\/index.php\/wp-json\/wp\/v2\/users\/8"}],"replies":[{"embeddable":true,"href":"https:\/\/agrund.com\/index.php\/wp-json\/wp\/v2\/comments?post=29872"}],"version-history":[{"count":0,"href":"https:\/\/agrund.com\/index.php\/wp-json\/wp\/v2\/posts\/29872\/revisions"}],"wp:featuredmedia":[{"embeddable":true,"href":"https:\/\/agrund.com\/index.php\/wp-json\/"}],"wp:attachment":[{"href":"https:\/\/agrund.com\/index.php\/wp-json\/wp\/v2\/media?parent=29872"}],"wp:term":[{"taxonomy":"category","embeddable":true,"href":"https:\/\/agrund.com\/index.php\/wp-json\/wp\/v2\/categories?post=29872"},{"taxonomy":"post_tag","embeddable":true,"href":"https:\/\/agrund.com\/index.php\/wp-json\/wp\/v2\/tags?post=29872"}],"curies":[{"name":"wp","href":"https:\/\/api.w.org\/{rel}","templated":true}]}}