{"id":29854,"date":"2012-05-07T17:00:52","date_gmt":"2012-05-07T20:00:52","guid":{"rendered":"http:\/\/www.agrund.com\/?p=29854"},"modified":"2012-05-07T17:00:52","modified_gmt":"2012-05-07T20:00:52","slug":"meias-descoladas","status":"publish","type":"post","link":"https:\/\/agrund.com\/index.php\/meias-descoladas\/","title":{"rendered":"Meias Descoladas"},"content":{"rendered":"<p>Quando o assunto \u00e9 ousadia, o guarda-roupa dos homens come\u00e7a a tremer de medo. Mas calma se tem uma maneira de voc\u00ea modernizar o seu look e adicionar cores ao seu visual, mesmo que nos detalhes, as meias podem ser uma \u00f3tima alternativa. O cl\u00e1ssico: meia combina com a cal\u00e7a n\u00e3o est\u00e1 em quest\u00e3o. Aqui a sugest\u00e3o \u00e9 quebrar tabus e abusar da irrever\u00eancia na hora de escolher as meias. Selecionei alguns pares que podem deixar voc\u00ea com vontade de ousar um pouco! E vamos usar dos artif\u00edcios que a moda nos d\u00e1! Acess\u00f3rio \u00e9 o detalhe que faz a diferen\u00e7a.<\/p>\n<p style=\"text-align: center\">\n<p style=\"text-align: center\"><a class=\"lightbox\" title=\"Meias 006\" href=\"https:\/\/i0.wp.com\/www.agrund.com\/wp-content\/uploads\/2012\/05\/Meias-006.jpg\"><img decoding=\"async\" loading=\"lazy\" class=\"aligncenter  wp-image-29861\" title=\"Meias 006\" src=\"https:\/\/i0.wp.com\/www.agrund.com\/wp-content\/uploads\/2012\/05\/Meias-006.jpg?resize=309%2C688\" alt=\"\" width=\"309\" height=\"688\" data-recalc-dims=\"1\" \/><\/a><\/p>\n<p style=\"text-align: center\"><a class=\"lightbox\" title=\"Meias 005\" href=\"https:\/\/i0.wp.com\/www.agrund.com\/wp-content\/uploads\/2012\/05\/Meias-005.jpg\"><img decoding=\"async\" loading=\"lazy\" class=\"aligncenter  wp-image-29860\" title=\"Meias 005\" src=\"https:\/\/i0.wp.com\/www.agrund.com\/wp-content\/uploads\/2012\/05\/Meias-005.jpg?resize=309%2C688\" alt=\"\" width=\"309\" height=\"688\" data-recalc-dims=\"1\" \/><\/a><\/p>\n<p style=\"text-align: center\"><a class=\"lightbox\" title=\"Meias 004\" href=\"https:\/\/i0.wp.com\/www.agrund.com\/wp-content\/uploads\/2012\/05\/Meias-004.jpg\"><img decoding=\"async\" loading=\"lazy\" class=\"aligncenter  wp-image-29859\" title=\"Meias 004\" src=\"https:\/\/i0.wp.com\/www.agrund.com\/wp-content\/uploads\/2012\/05\/Meias-004.jpg?resize=309%2C688\" alt=\"\" width=\"309\" height=\"688\" data-recalc-dims=\"1\" \/><\/a><\/p>\n<p style=\"text-align: center\"><a class=\"lightbox\" title=\"Meias 003\" href=\"https:\/\/i0.wp.com\/www.agrund.com\/wp-content\/uploads\/2012\/05\/Meias-003.jpg\"><img decoding=\"async\" loading=\"lazy\" class=\"aligncenter  wp-image-29858\" title=\"Meias 003\" src=\"https:\/\/i0.wp.com\/www.agrund.com\/wp-content\/uploads\/2012\/05\/Meias-003.jpg?resize=309%2C688\" alt=\"\" width=\"309\" height=\"688\" data-recalc-dims=\"1\" \/><\/a><\/p>\n<p style=\"text-align: center\"><a class=\"lightbox\" title=\"Meias 002\" href=\"https:\/\/i0.wp.com\/www.agrund.com\/wp-content\/uploads\/2012\/05\/Meias-002.jpg\"><img decoding=\"async\" loading=\"lazy\" class=\"aligncenter  wp-image-29857\" title=\"Meias 002\" src=\"https:\/\/i0.wp.com\/www.agrund.com\/wp-content\/uploads\/2012\/05\/Meias-002.jpg?resize=309%2C688\" alt=\"\" width=\"309\" height=\"688\" data-recalc-dims=\"1\" \/><\/a><\/p>\n<p style=\"text-align: center\"><a class=\"lightbox\" title=\"Meias 001\" href=\"https:\/\/i0.wp.com\/www.agrund.com\/wp-content\/uploads\/2012\/05\/Meias-001.jpg\"><img decoding=\"async\" loading=\"lazy\" class=\"aligncenter  wp-image-29856\" title=\"Meias 001\" src=\"https:\/\/i0.wp.com\/www.agrund.com\/wp-content\/uploads\/2012\/05\/Meias-001.jpg?resize=309%2C688\" alt=\"\" width=\"309\" height=\"688\" data-recalc-dims=\"1\" \/><\/a><\/p>\n<p>Imagens: Meias da Alfaiataria Babel.<\/p>\n","protected":false},"excerpt":{"rendered":"<p>Quando o assunto \u00e9 ousadia, o guarda-roupa dos homens come\u00e7a a tremer de medo. Mas calma se tem uma maneira de voc\u00ea modernizar o seu look e adicionar cores ao seu visual, mesmo que nos detalhes, as meias podem ser uma \u00f3tima alternativa. O cl\u00e1ssico: meia combina com a cal\u00e7a n\u00e3o est\u00e1 em quest\u00e3o. Aqui [&hellip;]<\/p>\n","protected":false},"author":8,"featured_media":29855,"comment_status":"open","ping_status":"open","sticky":false,"template":"","format":"standard","meta":{"jetpack_post_was_ever_published":false,"_jetpack_newsletter_access":"","jetpack_publicize_message":"","jetpack_is_tweetstorm":false,"jetpack_publicize_feature_enabled":true,"jetpack_social_post_already_shared":false,"jetpack_social_options":{"image_generator_settings":{"template":"highway","enabled":false}}},"categories":[6],"tags":[],"jetpack_publicize_connections":[],"jetpack_featured_media_url":"","jetpack_sharing_enabled":true,"jetpack_shortlink":"https:\/\/wp.me\/p3Hz0n-7Lw","jetpack_likes_enabled":true,"_links":{"self":[{"href":"https:\/\/agrund.com\/index.php\/wp-json\/wp\/v2\/posts\/29854"}],"collection":[{"href":"https:\/\/agrund.com\/index.php\/wp-json\/wp\/v2\/posts"}],"about":[{"href":"https:\/\/agrund.com\/index.php\/wp-json\/wp\/v2\/types\/post"}],"author":[{"embeddable":true,"href":"https:\/\/agrund.com\/index.php\/wp-json\/wp\/v2\/users\/8"}],"replies":[{"embeddable":true,"href":"https:\/\/agrund.com\/index.php\/wp-json\/wp\/v2\/comments?post=29854"}],"version-history":[{"count":0,"href":"https:\/\/agrund.com\/index.php\/wp-json\/wp\/v2\/posts\/29854\/revisions"}],"wp:featuredmedia":[{"embeddable":true,"href":"https:\/\/agrund.com\/index.php\/wp-json\/"}],"wp:attachment":[{"href":"https:\/\/agrund.com\/index.php\/wp-json\/wp\/v2\/media?parent=29854"}],"wp:term":[{"taxonomy":"category","embeddable":true,"href":"https:\/\/agrund.com\/index.php\/wp-json\/wp\/v2\/categories?post=29854"},{"taxonomy":"post_tag","embeddable":true,"href":"https:\/\/agrund.com\/index.php\/wp-json\/wp\/v2\/tags?post=29854"}],"curies":[{"name":"wp","href":"https:\/\/api.w.org\/{rel}","templated":true}]}}