{"id":29845,"date":"2012-05-07T11:00:17","date_gmt":"2012-05-07T14:00:17","guid":{"rendered":"http:\/\/www.agrund.com\/?p=29845"},"modified":"2012-05-07T11:00:17","modified_gmt":"2012-05-07T14:00:17","slug":"os-looks-de-arlindo-grund-no-esquadrao-da-moda","status":"publish","type":"post","link":"https:\/\/agrund.com\/index.php\/os-looks-de-arlindo-grund-no-esquadrao-da-moda\/","title":{"rendered":"Os Looks de Arlindo Grund no Esquadr\u00e3o da Moda"},"content":{"rendered":"<p>Quando eu falo da versatilidade do blazer para voc\u00eas, eu quero dizer que a pe\u00e7a pode passear no seu guarda-roupa diurno e nortuno. No in\u00edcio do programa Arlindo usou um blazer estilo militar, mas com uma modelagem bem atual. O corte mais pr\u00f3ximo ao corpo deixa a silhueta mais alongada. Usado com moleton fica super informal.<\/p>\n<p>Depois ele aparece com um blazer mais quadrado e tamb\u00e9m com uma pegada militar. 4 bolsos e verde oliva. A proposta foi ousada com camisaria, jeans e um abotinado da nova cole\u00e7\u00e3o do Alexandre Herchcovitch, branco.<\/p>\n<p>E para finalizar o tradicional blazer de dois bot\u00f5es ganha cor e um corte mais seco, e \u00e9 usado com camisa tamb\u00e9m mais pr\u00f3xima ao corpo e uma cal\u00e7a mais ampla, com shape anos 80. O t\u00eanis Kanye West para Louis Vuitton arremata um dos melhores looks da noite. Escolha o seu e inspire-se! E qual voc\u00ea mais gostou?<\/p>\n<p style=\"text-align: center\"><a class=\"lightbox\" title=\"1\" href=\"https:\/\/i0.wp.com\/www.agrund.com\/wp-content\/uploads\/2012\/05\/12.jpg\"><img decoding=\"async\" loading=\"lazy\" class=\"aligncenter  wp-image-29850\" title=\"1\" src=\"https:\/\/i0.wp.com\/www.agrund.com\/wp-content\/uploads\/2012\/05\/12.jpg?resize=451%2C451\" alt=\"\" width=\"451\" height=\"451\" data-recalc-dims=\"1\" \/><\/a><\/p>\n<p style=\"text-align: center\"><a class=\"lightbox\" title=\"2\" href=\"https:\/\/i0.wp.com\/www.agrund.com\/wp-content\/uploads\/2012\/05\/21.jpg\"><img decoding=\"async\" loading=\"lazy\" class=\"aligncenter  wp-image-29851\" title=\"2\" src=\"https:\/\/i0.wp.com\/www.agrund.com\/wp-content\/uploads\/2012\/05\/21.jpg?resize=451%2C451\" alt=\"\" width=\"451\" height=\"451\" data-recalc-dims=\"1\" \/><\/a><\/p>\n<p style=\"text-align: center\"><a class=\"lightbox\" title=\"3\" href=\"https:\/\/i0.wp.com\/www.agrund.com\/wp-content\/uploads\/2012\/05\/3.jpg\"><img decoding=\"async\" loading=\"lazy\" class=\"aligncenter  wp-image-29852\" title=\"2\" src=\"https:\/\/i0.wp.com\/www.agrund.com\/wp-content\/uploads\/2012\/05\/3.jpg?resize=451%2C451\" alt=\"\" width=\"451\" height=\"451\" data-recalc-dims=\"1\" \/><\/a><\/p>\n<p style=\"text-align: center\">\n<p style=\"text-align: center\">\n<p style=\"text-align: center\">\n","protected":false},"excerpt":{"rendered":"<p>Quando eu falo da versatilidade do blazer para voc\u00eas, eu quero dizer que a pe\u00e7a pode passear no seu guarda-roupa diurno e nortuno. No in\u00edcio do programa Arlindo usou um blazer estilo militar, mas com uma modelagem bem atual. O corte mais pr\u00f3ximo ao corpo deixa a silhueta mais alongada. Usado com moleton fica super [&hellip;]<\/p>\n","protected":false},"author":8,"featured_media":29846,"comment_status":"open","ping_status":"open","sticky":false,"template":"","format":"standard","meta":{"jetpack_post_was_ever_published":false,"_jetpack_newsletter_access":"","jetpack_publicize_message":"","jetpack_is_tweetstorm":false,"jetpack_publicize_feature_enabled":true,"jetpack_social_post_already_shared":false,"jetpack_social_options":{"image_generator_settings":{"template":"highway","enabled":false}}},"categories":[6],"tags":[],"jetpack_publicize_connections":[],"jetpack_featured_media_url":"","jetpack_sharing_enabled":true,"jetpack_shortlink":"https:\/\/wp.me\/p3Hz0n-7Ln","jetpack_likes_enabled":true,"_links":{"self":[{"href":"https:\/\/agrund.com\/index.php\/wp-json\/wp\/v2\/posts\/29845"}],"collection":[{"href":"https:\/\/agrund.com\/index.php\/wp-json\/wp\/v2\/posts"}],"about":[{"href":"https:\/\/agrund.com\/index.php\/wp-json\/wp\/v2\/types\/post"}],"author":[{"embeddable":true,"href":"https:\/\/agrund.com\/index.php\/wp-json\/wp\/v2\/users\/8"}],"replies":[{"embeddable":true,"href":"https:\/\/agrund.com\/index.php\/wp-json\/wp\/v2\/comments?post=29845"}],"version-history":[{"count":0,"href":"https:\/\/agrund.com\/index.php\/wp-json\/wp\/v2\/posts\/29845\/revisions"}],"wp:featuredmedia":[{"embeddable":true,"href":"https:\/\/agrund.com\/index.php\/wp-json\/"}],"wp:attachment":[{"href":"https:\/\/agrund.com\/index.php\/wp-json\/wp\/v2\/media?parent=29845"}],"wp:term":[{"taxonomy":"category","embeddable":true,"href":"https:\/\/agrund.com\/index.php\/wp-json\/wp\/v2\/categories?post=29845"},{"taxonomy":"post_tag","embeddable":true,"href":"https:\/\/agrund.com\/index.php\/wp-json\/wp\/v2\/tags?post=29845"}],"curies":[{"name":"wp","href":"https:\/\/api.w.org\/{rel}","templated":true}]}}