{"id":29809,"date":"2012-05-05T19:12:06","date_gmt":"2012-05-05T22:12:06","guid":{"rendered":"http:\/\/www.agrund.com\/?p=29809"},"modified":"2012-05-05T19:12:06","modified_gmt":"2012-05-05T22:12:06","slug":"bastidores-do-esquadrao-da-moda-com-a-mayara","status":"publish","type":"post","link":"https:\/\/agrund.com\/index.php\/bastidores-do-esquadrao-da-moda-com-a-mayara\/","title":{"rendered":"Bastidores do Esquadr\u00e3o da Moda com a Mayara"},"content":{"rendered":"<p>Hoje, s\u00e1bado, 5 de maio, voc\u00eas v\u00e3o conhecer um pouco da hist\u00f3ria de Mayara. Ela chegou do Sul e parece que esqueceu por l\u00e1 a vaidade. Mas nada como um tempinho no Esquadr\u00e3o da Moda para perceber que como uma boa publicit\u00e1ria ela precisa, sim, cuidar da imagem. E posso garantir que Eu e Bella demos uma repaginada no guarda-roupa da Mayara. Aguardem! Por enquanto veja os bastidores do que vai acontecer hoje \u00e0 noite. Espero voc\u00eas l\u00e1!<\/p>\n<p><a class=\"lightbox\" title=\"Eu e a produtora Fabiana Fraga\" href=\"https:\/\/i0.wp.com\/www.agrund.com\/wp-content\/uploads\/2012\/05\/Eu-e-a-produtora-Fabiana-Fraga.jpg\"><img decoding=\"async\" loading=\"lazy\" class=\"aligncenter size-full wp-image-29818\" title=\"Eu e a produtora Fabiana Fraga\" src=\"https:\/\/i0.wp.com\/www.agrund.com\/wp-content\/uploads\/2012\/05\/Eu-e-a-produtora-Fabiana-Fraga.jpg?resize=600%2C450\" alt=\"\" width=\"600\" height=\"450\" data-recalc-dims=\"1\" \/><\/a><\/p>\n<p><a class=\"lightbox\" title=\"Mocassim de verniz Laundry\" href=\"https:\/\/i0.wp.com\/www.agrund.com\/wp-content\/uploads\/2012\/05\/Mocassim-de-verniz-Laundry.jpg\"><img decoding=\"async\" loading=\"lazy\" class=\"aligncenter size-full wp-image-29821\" title=\"Mocassim de verniz Laundry\" src=\"https:\/\/i0.wp.com\/www.agrund.com\/wp-content\/uploads\/2012\/05\/Mocassim-de-verniz-Laundry.jpg?resize=600%2C600\" alt=\"\" width=\"600\" height=\"600\" data-recalc-dims=\"1\" \/><\/a><\/p>\n<p><a class=\"lightbox\" title=\"Expectativa para a sa\u00edda da Mayara do provador\" href=\"https:\/\/i0.wp.com\/www.agrund.com\/wp-content\/uploads\/2012\/05\/Expectativa-para-a-sa\u00edda-da-Mayara-do-provador.jpg\"><img decoding=\"async\" loading=\"lazy\" class=\"aligncenter size-full wp-image-29819\" title=\"Expectativa para a sa\u00edda da Mayara do provador\" src=\"https:\/\/i0.wp.com\/www.agrund.com\/wp-content\/uploads\/2012\/05\/Expectativa-para-a-sa\u00edda-da-Mayara-do-provador.jpg?resize=600%2C800\" alt=\"\" width=\"600\" height=\"800\" data-recalc-dims=\"1\" \/><\/a><\/p>\n<p><a class=\"lightbox\" title=\"1 Tamara Guzman dando os \u00faltimos retoques no manequim da consultoria\" href=\"https:\/\/i0.wp.com\/www.agrund.com\/wp-content\/uploads\/2012\/05\/1-Tamara-Guzman-dando-os-\u00faltimos-retoques-no-manequim-da-consultoria.jpg\"><img decoding=\"async\" loading=\"lazy\" class=\"aligncenter size-full wp-image-29817\" title=\"1 Tamara Guzman dando os \u00faltimos retoques no manequim da consultoria\" src=\"https:\/\/i0.wp.com\/www.agrund.com\/wp-content\/uploads\/2012\/05\/1-Tamara-Guzman-dando-os-\u00faltimos-retoques-no-manequim-da-consultoria.jpg?resize=600%2C600\" alt=\"\" width=\"600\" height=\"600\" data-recalc-dims=\"1\" \/><\/a><\/p>\n<p><a class=\"lightbox\" title=\"Momento decis\u00e3o\" href=\"https:\/\/i0.wp.com\/www.agrund.com\/wp-content\/uploads\/2012\/05\/Momento-decis\u00e3o.jpg\"><img decoding=\"async\" loading=\"lazy\" class=\"aligncenter size-full wp-image-29822\" title=\"Momento decis\u00e3o\" src=\"https:\/\/i0.wp.com\/www.agrund.com\/wp-content\/uploads\/2012\/05\/Momento-decis\u00e3o.jpg?resize=600%2C800\" alt=\"\" width=\"600\" height=\"800\" data-recalc-dims=\"1\" \/><\/a><\/p>\n<p>&nbsp;<\/p>\n","protected":false},"excerpt":{"rendered":"<p>Hoje, s\u00e1bado, 5 de maio, voc\u00eas v\u00e3o conhecer um pouco da hist\u00f3ria de Mayara. Ela chegou do Sul e parece que esqueceu por l\u00e1 a vaidade. Mas nada como um tempinho no Esquadr\u00e3o da Moda para perceber que como uma boa publicit\u00e1ria ela precisa, sim, cuidar da imagem. E posso garantir que Eu e Bella [&hellip;]<\/p>\n","protected":false},"author":8,"featured_media":29810,"comment_status":"open","ping_status":"open","sticky":false,"template":"","format":"standard","meta":{"jetpack_post_was_ever_published":false,"_jetpack_newsletter_access":"","jetpack_publicize_message":"","jetpack_is_tweetstorm":false,"jetpack_publicize_feature_enabled":true,"jetpack_social_post_already_shared":false,"jetpack_social_options":{"image_generator_settings":{"template":"highway","enabled":false}}},"categories":[338],"tags":[],"jetpack_publicize_connections":[],"jetpack_featured_media_url":"","jetpack_sharing_enabled":true,"jetpack_shortlink":"https:\/\/wp.me\/p3Hz0n-7KN","jetpack_likes_enabled":true,"_links":{"self":[{"href":"https:\/\/agrund.com\/index.php\/wp-json\/wp\/v2\/posts\/29809"}],"collection":[{"href":"https:\/\/agrund.com\/index.php\/wp-json\/wp\/v2\/posts"}],"about":[{"href":"https:\/\/agrund.com\/index.php\/wp-json\/wp\/v2\/types\/post"}],"author":[{"embeddable":true,"href":"https:\/\/agrund.com\/index.php\/wp-json\/wp\/v2\/users\/8"}],"replies":[{"embeddable":true,"href":"https:\/\/agrund.com\/index.php\/wp-json\/wp\/v2\/comments?post=29809"}],"version-history":[{"count":0,"href":"https:\/\/agrund.com\/index.php\/wp-json\/wp\/v2\/posts\/29809\/revisions"}],"wp:featuredmedia":[{"embeddable":true,"href":"https:\/\/agrund.com\/index.php\/wp-json\/"}],"wp:attachment":[{"href":"https:\/\/agrund.com\/index.php\/wp-json\/wp\/v2\/media?parent=29809"}],"wp:term":[{"taxonomy":"category","embeddable":true,"href":"https:\/\/agrund.com\/index.php\/wp-json\/wp\/v2\/categories?post=29809"},{"taxonomy":"post_tag","embeddable":true,"href":"https:\/\/agrund.com\/index.php\/wp-json\/wp\/v2\/tags?post=29809"}],"curies":[{"name":"wp","href":"https:\/\/api.w.org\/{rel}","templated":true}]}}