{"id":29765,"date":"2012-05-04T16:00:28","date_gmt":"2012-05-04T19:00:28","guid":{"rendered":"http:\/\/www.agrund.com\/?p=29765"},"modified":"2012-05-04T16:00:28","modified_gmt":"2012-05-04T19:00:28","slug":"evento-de-moda-no-rio","status":"publish","type":"post","link":"https:\/\/agrund.com\/index.php\/evento-de-moda-no-rio\/","title":{"rendered":"Evento de Moda no Rio"},"content":{"rendered":"<p style=\"text-align: right\">Por Adriana Porto<\/p>\n<p>&nbsp;<\/p>\n<p>Na noite da \u00faltima quinta-feira, a moda tomou conta dos corredores do shopping Rio Design Leblon no lan\u00e7amento da exposi\u00e7\u00e3o Rio Design Fashion Colors.\u00a0Nesse clima, a Bo.B\u00f4 armou festa, sob o comando da promoter Carol Sampaio, para lan\u00e7ar sua nova linha exclusiva Bo.B\u00f4 Black. Fernanda Paes Leme e Gl\u00f3ria Maria marcaram presen\u00e7a ao som do DJ Rodrigo Peir\u00e3o e comidinhas do buffet Zaz\u00e1. A noite foi uma del\u00edcia e as roupas da Bo.B\u00f4 Black s\u00e3o lindas.<\/p>\n<div>\n<div id=\"attachment_29769\" style=\"width: 249px\" class=\"wp-caption aligncenter\"><a class=\"lightbox\" title=\"Fernanda Paes Leme\" href=\"https:\/\/i0.wp.com\/www.agrund.com\/wp-content\/uploads\/2012\/05\/Fernanda-Paes-Leme.jpg\"><img aria-describedby=\"caption-attachment-29769\" decoding=\"async\" loading=\"lazy\" class=\"size-full wp-image-29769\" title=\"Fernanda Paes Leme\" src=\"https:\/\/i0.wp.com\/www.agrund.com\/wp-content\/uploads\/2012\/05\/Fernanda-Paes-Leme.jpg?resize=239%2C320\" alt=\"Fernanda Paes Leme\" width=\"239\" height=\"320\" data-recalc-dims=\"1\" \/><\/a><p id=\"caption-attachment-29769\" class=\"wp-caption-text\">Fernanda Paes Leme<\/p><\/div>\n<p>&nbsp;<\/p>\n<div id=\"attachment_29770\" style=\"width: 250px\" class=\"wp-caption aligncenter\"><a class=\"lightbox\" title=\"Gl\u00f3ria Maria\" href=\"https:\/\/i0.wp.com\/www.agrund.com\/wp-content\/uploads\/2012\/05\/Gl\u00f3ria-Maria.jpg\"><img aria-describedby=\"caption-attachment-29770\" decoding=\"async\" loading=\"lazy\" class=\"size-full wp-image-29770\" title=\"Gl\u00f3ria Maria\" src=\"https:\/\/i0.wp.com\/www.agrund.com\/wp-content\/uploads\/2012\/05\/Gl\u00f3ria-Maria.jpg?resize=240%2C320\" alt=\"Gl\u00f3ria Maria\" width=\"240\" height=\"320\" data-recalc-dims=\"1\" \/><\/a><p id=\"caption-attachment-29770\" class=\"wp-caption-text\">Gl\u00f3ria Maria<\/p><\/div>\n<div id=\"attachment_29771\" style=\"width: 250px\" class=\"wp-caption aligncenter\"><a class=\"lightbox\" title=\"PastedGraphic-2\" href=\"https:\/\/i0.wp.com\/www.agrund.com\/wp-content\/uploads\/2012\/05\/PastedGraphic-2.jpg\"><img aria-describedby=\"caption-attachment-29771\" decoding=\"async\" loading=\"lazy\" class=\"size-full wp-image-29771\" title=\"PastedGraphic-2\" src=\"https:\/\/i0.wp.com\/www.agrund.com\/wp-content\/uploads\/2012\/05\/PastedGraphic-2.jpg?resize=240%2C320\" alt=\"PastedGraphic\" width=\"240\" height=\"320\" data-recalc-dims=\"1\" \/><\/a><p id=\"caption-attachment-29771\" class=\"wp-caption-text\">PastedGraphic<\/p><\/div>\n<\/div>\n<div><\/div>\n<div>Fotos Adriana Porto<\/div>\n","protected":false},"excerpt":{"rendered":"<p>Por Adriana Porto &nbsp; Na noite da \u00faltima quinta-feira, a moda tomou conta dos corredores do shopping Rio Design Leblon no lan\u00e7amento da exposi\u00e7\u00e3o Rio Design Fashion Colors.\u00a0Nesse clima, a Bo.B\u00f4 armou festa, sob o comando da promoter Carol Sampaio, para lan\u00e7ar sua nova linha exclusiva Bo.B\u00f4 Black. Fernanda Paes Leme e Gl\u00f3ria Maria marcaram [&hellip;]<\/p>\n","protected":false},"author":8,"featured_media":29768,"comment_status":"open","ping_status":"open","sticky":false,"template":"","format":"standard","meta":{"jetpack_post_was_ever_published":false,"_jetpack_newsletter_access":"","jetpack_publicize_message":"","jetpack_is_tweetstorm":false,"jetpack_publicize_feature_enabled":true,"jetpack_social_post_already_shared":false,"jetpack_social_options":{"image_generator_settings":{"template":"highway","enabled":false}}},"categories":[2],"tags":[],"jetpack_publicize_connections":[],"jetpack_featured_media_url":"","jetpack_sharing_enabled":true,"jetpack_shortlink":"https:\/\/wp.me\/p3Hz0n-7K5","jetpack_likes_enabled":true,"_links":{"self":[{"href":"https:\/\/agrund.com\/index.php\/wp-json\/wp\/v2\/posts\/29765"}],"collection":[{"href":"https:\/\/agrund.com\/index.php\/wp-json\/wp\/v2\/posts"}],"about":[{"href":"https:\/\/agrund.com\/index.php\/wp-json\/wp\/v2\/types\/post"}],"author":[{"embeddable":true,"href":"https:\/\/agrund.com\/index.php\/wp-json\/wp\/v2\/users\/8"}],"replies":[{"embeddable":true,"href":"https:\/\/agrund.com\/index.php\/wp-json\/wp\/v2\/comments?post=29765"}],"version-history":[{"count":0,"href":"https:\/\/agrund.com\/index.php\/wp-json\/wp\/v2\/posts\/29765\/revisions"}],"wp:featuredmedia":[{"embeddable":true,"href":"https:\/\/agrund.com\/index.php\/wp-json\/"}],"wp:attachment":[{"href":"https:\/\/agrund.com\/index.php\/wp-json\/wp\/v2\/media?parent=29765"}],"wp:term":[{"taxonomy":"category","embeddable":true,"href":"https:\/\/agrund.com\/index.php\/wp-json\/wp\/v2\/categories?post=29765"},{"taxonomy":"post_tag","embeddable":true,"href":"https:\/\/agrund.com\/index.php\/wp-json\/wp\/v2\/tags?post=29765"}],"curies":[{"name":"wp","href":"https:\/\/api.w.org\/{rel}","templated":true}]}}