{"id":29484,"date":"2012-05-01T16:00:18","date_gmt":"2012-05-01T19:00:18","guid":{"rendered":"http:\/\/www.agrund.com\/?p=29484"},"modified":"2012-05-01T16:00:18","modified_gmt":"2012-05-01T19:00:18","slug":"jardin-minas-trend-preview-verao-2013","status":"publish","type":"post","link":"https:\/\/agrund.com\/index.php\/jardin-minas-trend-preview-verao-2013\/","title":{"rendered":"Jardin  \u2013 Minas Trend Preview Ver\u00e3o 2013"},"content":{"rendered":"<p style=\"text-align: right\"><strong>Texto e Fotos Gustavo\u00a0Luz<\/strong><\/p>\n<p><span style=\"color: #000000\">Dobraduras e recortes marcam a cole\u00e7\u00e3o \u201cconcreto\u201d criada pela estilista Bh\u00e1rbara Renaut para Jardin.<\/span><\/p>\n<p><span style=\"color: #000000\">A cartela de cor pincela os tons marcantes das aquarelas neoconcretista. Laranja, verde c\u00edtrico, azuis royal e celeste e o rosa acompanham as tend\u00eancias da esta\u00e7\u00e3o. E se equilibram com a cartela neutra da marca como o cru, o off White, o branco, o preto e o caramelo.<\/span><\/p>\n<p style=\"text-align: center\"><a class=\"lightbox\" title=\"7121579737_a82ae07915_b\" href=\"https:\/\/i0.wp.com\/www.agrund.com\/wp-content\/uploads\/2012\/05\/7121579737_a82ae07915_b.jpg\"><img decoding=\"async\" loading=\"lazy\" class=\"aligncenter  wp-image-29490\" title=\"7121579737_a82ae07915_b\" src=\"https:\/\/i0.wp.com\/www.agrund.com\/wp-content\/uploads\/2012\/05\/7121579737_a82ae07915_b.jpg?resize=479%2C717\" alt=\"\" width=\"479\" height=\"717\" data-recalc-dims=\"1\" \/><\/a><\/p>\n<p style=\"text-align: center\"><a class=\"lightbox\" title=\"7121567111_efb588170f_b\" href=\"https:\/\/i0.wp.com\/www.agrund.com\/wp-content\/uploads\/2012\/05\/7121567111_efb588170f_b.jpg\"><img decoding=\"async\" loading=\"lazy\" class=\"aligncenter  wp-image-29489\" title=\"7121567111_efb588170f_b\" src=\"https:\/\/i0.wp.com\/www.agrund.com\/wp-content\/uploads\/2012\/05\/7121567111_efb588170f_b.jpg?resize=479%2C717\" alt=\"\" width=\"479\" height=\"717\" data-recalc-dims=\"1\" \/><\/a><\/p>\n<p style=\"text-align: center\"><a class=\"lightbox\" title=\"6975505524_3107219a23_b\" href=\"https:\/\/i0.wp.com\/www.agrund.com\/wp-content\/uploads\/2012\/05\/6975505524_3107219a23_b.jpg\"><img decoding=\"async\" loading=\"lazy\" class=\"aligncenter  wp-image-29488\" title=\"6975505524_3107219a23_b\" src=\"https:\/\/i0.wp.com\/www.agrund.com\/wp-content\/uploads\/2012\/05\/6975505524_3107219a23_b.jpg?resize=479%2C717\" alt=\"\" width=\"479\" height=\"717\" data-recalc-dims=\"1\" \/><\/a><\/p>\n<p style=\"text-align: center\"><a class=\"lightbox\" title=\"6975495528_396992359c_b\" href=\"https:\/\/i0.wp.com\/www.agrund.com\/wp-content\/uploads\/2012\/05\/6975495528_396992359c_b.jpg\"><img decoding=\"async\" loading=\"lazy\" class=\"aligncenter  wp-image-29487\" title=\"6975495528_396992359c_b\" src=\"https:\/\/i0.wp.com\/www.agrund.com\/wp-content\/uploads\/2012\/05\/6975495528_396992359c_b.jpg?resize=479%2C717\" alt=\"\" width=\"479\" height=\"717\" data-recalc-dims=\"1\" \/><\/a><\/p>\n<p style=\"text-align: center\"><a class=\"lightbox\" title=\"6975483226_6bccde044d_b\" href=\"https:\/\/i0.wp.com\/www.agrund.com\/wp-content\/uploads\/2012\/05\/6975483226_6bccde044d_b.jpg\"><img decoding=\"async\" loading=\"lazy\" class=\"aligncenter  wp-image-29486\" title=\"6975483226_6bccde044d_b\" src=\"https:\/\/i0.wp.com\/www.agrund.com\/wp-content\/uploads\/2012\/05\/6975483226_6bccde044d_b.jpg?resize=479%2C717\" alt=\"\" width=\"479\" height=\"717\" data-recalc-dims=\"1\" \/><\/a><\/p>\n<p style=\"text-align: center\"><a class=\"lightbox\" title=\"6975473660_e2915c4d4b_b\" href=\"https:\/\/i0.wp.com\/www.agrund.com\/wp-content\/uploads\/2012\/05\/6975473660_e2915c4d4b_b.jpg\"><img decoding=\"async\" loading=\"lazy\" class=\"aligncenter  wp-image-29485\" title=\"6975473660_e2915c4d4b_b\" src=\"https:\/\/i0.wp.com\/www.agrund.com\/wp-content\/uploads\/2012\/05\/6975473660_e2915c4d4b_b.jpg?resize=479%2C717\" alt=\"\" width=\"479\" height=\"717\" data-recalc-dims=\"1\" \/><\/a><\/p>\n<p><span style=\"color: #000099\"><br \/>\n<\/span><\/p>\n<p><span style=\"color: #000099\"><strong><br \/>\n<\/strong><\/span><\/p>\n","protected":false},"excerpt":{"rendered":"<p>Texto e Fotos Gustavo\u00a0Luz Dobraduras e recortes marcam a cole\u00e7\u00e3o \u201cconcreto\u201d criada pela estilista Bh\u00e1rbara Renaut para Jardin. A cartela de cor pincela os tons marcantes das aquarelas neoconcretista. Laranja, verde c\u00edtrico, azuis royal e celeste e o rosa acompanham as tend\u00eancias da esta\u00e7\u00e3o. E se equilibram com a cartela neutra da marca como o [&hellip;]<\/p>\n","protected":false},"author":8,"featured_media":29491,"comment_status":"open","ping_status":"open","sticky":false,"template":"","format":"standard","meta":{"jetpack_post_was_ever_published":false,"_jetpack_newsletter_access":"","jetpack_publicize_message":"","jetpack_is_tweetstorm":false,"jetpack_publicize_feature_enabled":true,"jetpack_social_post_already_shared":false,"jetpack_social_options":{"image_generator_settings":{"template":"highway","enabled":false}}},"categories":[9],"tags":[],"jetpack_publicize_connections":[],"jetpack_featured_media_url":"","jetpack_sharing_enabled":true,"jetpack_shortlink":"https:\/\/wp.me\/p3Hz0n-7Fy","jetpack_likes_enabled":true,"_links":{"self":[{"href":"https:\/\/agrund.com\/index.php\/wp-json\/wp\/v2\/posts\/29484"}],"collection":[{"href":"https:\/\/agrund.com\/index.php\/wp-json\/wp\/v2\/posts"}],"about":[{"href":"https:\/\/agrund.com\/index.php\/wp-json\/wp\/v2\/types\/post"}],"author":[{"embeddable":true,"href":"https:\/\/agrund.com\/index.php\/wp-json\/wp\/v2\/users\/8"}],"replies":[{"embeddable":true,"href":"https:\/\/agrund.com\/index.php\/wp-json\/wp\/v2\/comments?post=29484"}],"version-history":[{"count":0,"href":"https:\/\/agrund.com\/index.php\/wp-json\/wp\/v2\/posts\/29484\/revisions"}],"wp:featuredmedia":[{"embeddable":true,"href":"https:\/\/agrund.com\/index.php\/wp-json\/"}],"wp:attachment":[{"href":"https:\/\/agrund.com\/index.php\/wp-json\/wp\/v2\/media?parent=29484"}],"wp:term":[{"taxonomy":"category","embeddable":true,"href":"https:\/\/agrund.com\/index.php\/wp-json\/wp\/v2\/categories?post=29484"},{"taxonomy":"post_tag","embeddable":true,"href":"https:\/\/agrund.com\/index.php\/wp-json\/wp\/v2\/tags?post=29484"}],"curies":[{"name":"wp","href":"https:\/\/api.w.org\/{rel}","templated":true}]}}