{"id":29341,"date":"2012-04-30T18:00:30","date_gmt":"2012-04-30T21:00:30","guid":{"rendered":"http:\/\/www.agrund.com\/?p=29341"},"modified":"2012-04-30T18:00:30","modified_gmt":"2012-04-30T21:00:30","slug":"como-vira-o-verao","status":"publish","type":"post","link":"https:\/\/agrund.com\/index.php\/como-vira-o-verao\/","title":{"rendered":"Como vir\u00e1 o Ver\u00e3o?"},"content":{"rendered":"<p>Veja que lindo esse editorial publicado em 2010 na Vogue Jap\u00e3o. As fotos foram feitas por Mariano Vivanco com styling de Nicola Formichetti &#8211; uma dupla que dita tend\u00eancias. Ser\u00e1 que essa cartela vai sair das p\u00e1ginas de revista e vir\u00e1 para o nosso ver\u00e3o?\u00a0E nossos profissionais de moda nessa pr\u00f3xima temporada Ver\u00e3o 2013 j\u00e1 tem uma boa inspira\u00e7\u00e3o.<\/p>\n<p style=\"text-align: center\"><a class=\"lightbox\" title=\"Fotos Editorial Masculino 028\" href=\"https:\/\/i0.wp.com\/www.agrund.com\/wp-content\/uploads\/2012\/04\/Fotos-Editorial-Masculino-0281.png\"><img decoding=\"async\" loading=\"lazy\" class=\"aligncenter  wp-image-29349\" title=\"Fotos Editorial Masculino 028\" src=\"https:\/\/i0.wp.com\/www.agrund.com\/wp-content\/uploads\/2012\/04\/Fotos-Editorial-Masculino-0281.png?resize=538%2C717\" alt=\"\" width=\"538\" height=\"717\" data-recalc-dims=\"1\" \/><\/a><\/p>\n<p style=\"text-align: center\"><a class=\"lightbox\" title=\"Fotos Editorial Masculino 029\" href=\"https:\/\/i0.wp.com\/www.agrund.com\/wp-content\/uploads\/2012\/04\/Fotos-Editorial-Masculino-0291.png\"><img decoding=\"async\" loading=\"lazy\" class=\"aligncenter  wp-image-29350\" title=\"Fotos Editorial Masculino 029\" src=\"https:\/\/i0.wp.com\/www.agrund.com\/wp-content\/uploads\/2012\/04\/Fotos-Editorial-Masculino-0291.png?resize=538%2C717\" alt=\"\" width=\"538\" height=\"717\" data-recalc-dims=\"1\" \/><\/a><\/p>\n<p style=\"text-align: center\"><a class=\"lightbox\" title=\"Fotos Editorial Masculino 030\" href=\"https:\/\/i0.wp.com\/www.agrund.com\/wp-content\/uploads\/2012\/04\/Fotos-Editorial-Masculino-0301.png\"><img decoding=\"async\" loading=\"lazy\" class=\"aligncenter  wp-image-29351\" title=\"Fotos Editorial Masculino 030\" src=\"https:\/\/i0.wp.com\/www.agrund.com\/wp-content\/uploads\/2012\/04\/Fotos-Editorial-Masculino-0301.png?resize=538%2C717\" alt=\"\" width=\"538\" height=\"717\" data-recalc-dims=\"1\" \/><\/a><\/p>\n<p style=\"text-align: center\"><a class=\"lightbox\" title=\"Fotos Editorial Masculino 031\" href=\"https:\/\/i0.wp.com\/www.agrund.com\/wp-content\/uploads\/2012\/04\/Fotos-Editorial-Masculino-0311.png\"><img decoding=\"async\" loading=\"lazy\" class=\"aligncenter  wp-image-29352\" title=\"Fotos Editorial Masculino 031\" src=\"https:\/\/i0.wp.com\/www.agrund.com\/wp-content\/uploads\/2012\/04\/Fotos-Editorial-Masculino-0311.png?resize=538%2C717\" alt=\"\" width=\"538\" height=\"717\" data-recalc-dims=\"1\" \/><\/a><\/p>\n<p style=\"text-align: center\"><a class=\"lightbox\" title=\"Fotos Editorial Masculino 033\" href=\"https:\/\/i0.wp.com\/www.agrund.com\/wp-content\/uploads\/2012\/04\/Fotos-Editorial-Masculino-0331.png\"><img decoding=\"async\" loading=\"lazy\" class=\"aligncenter  wp-image-29354\" title=\"Fotos Editorial Masculino 033\" src=\"https:\/\/i0.wp.com\/www.agrund.com\/wp-content\/uploads\/2012\/04\/Fotos-Editorial-Masculino-0331.png?resize=538%2C717\" alt=\"\" width=\"538\" height=\"717\" data-recalc-dims=\"1\" \/><\/a><\/p>\n<p style=\"text-align: center\"><a class=\"lightbox\" title=\"Fotos Editorial Masculino 034\" href=\"https:\/\/i0.wp.com\/www.agrund.com\/wp-content\/uploads\/2012\/04\/Fotos-Editorial-Masculino-034.png\"><img decoding=\"async\" loading=\"lazy\" class=\"aligncenter  wp-image-29355\" title=\"Fotos Editorial Masculino 034\" src=\"https:\/\/i0.wp.com\/www.agrund.com\/wp-content\/uploads\/2012\/04\/Fotos-Editorial-Masculino-034.png?resize=538%2C717\" alt=\"\" width=\"538\" height=\"717\" data-recalc-dims=\"1\" \/><\/a><\/p>\n<p style=\"text-align: center\"><a class=\"lightbox\" title=\"Fotos Editorial Masculino 035\" href=\"https:\/\/i0.wp.com\/www.agrund.com\/wp-content\/uploads\/2012\/04\/Fotos-Editorial-Masculino-035.png\"><img decoding=\"async\" loading=\"lazy\" class=\"aligncenter  wp-image-29356\" title=\"Fotos Editorial Masculino 035\" src=\"https:\/\/i0.wp.com\/www.agrund.com\/wp-content\/uploads\/2012\/04\/Fotos-Editorial-Masculino-035.png?resize=538%2C717\" alt=\"\" width=\"538\" height=\"717\" data-recalc-dims=\"1\" \/><\/a><\/p>\n<p style=\"text-align: center\"><a class=\"lightbox\" title=\"Fotos Editorial Masculino 036\" href=\"https:\/\/i0.wp.com\/www.agrund.com\/wp-content\/uploads\/2012\/04\/Fotos-Editorial-Masculino-036.png\"><img decoding=\"async\" loading=\"lazy\" class=\"aligncenter  wp-image-29357\" title=\"Fotos Editorial Masculino 036\" src=\"https:\/\/i0.wp.com\/www.agrund.com\/wp-content\/uploads\/2012\/04\/Fotos-Editorial-Masculino-036.png?resize=538%2C717\" alt=\"\" width=\"538\" height=\"717\" data-recalc-dims=\"1\" \/><\/a><\/p>\n<p style=\"text-align: center\"><a class=\"lightbox\" title=\"Fotos Editorial Masculino 037\" href=\"https:\/\/i0.wp.com\/www.agrund.com\/wp-content\/uploads\/2012\/04\/Fotos-Editorial-Masculino-037.png\"><img decoding=\"async\" loading=\"lazy\" class=\"aligncenter  wp-image-29358\" title=\"Fotos Editorial Masculino 037\" src=\"https:\/\/i0.wp.com\/www.agrund.com\/wp-content\/uploads\/2012\/04\/Fotos-Editorial-Masculino-037.png?resize=538%2C717\" alt=\"\" width=\"538\" height=\"717\" data-recalc-dims=\"1\" \/><\/a><\/p>\n<p style=\"text-align: left\">Imagem: Reprodu\u00e7\u00e3o.<\/p>\n","protected":false},"excerpt":{"rendered":"<p>Veja que lindo esse editorial publicado em 2010 na Vogue Jap\u00e3o. As fotos foram feitas por Mariano Vivanco com styling de Nicola Formichetti &#8211; uma dupla que dita tend\u00eancias. Ser\u00e1 que essa cartela vai sair das p\u00e1ginas de revista e vir\u00e1 para o nosso ver\u00e3o?\u00a0E nossos profissionais de moda nessa pr\u00f3xima temporada Ver\u00e3o 2013 j\u00e1 [&hellip;]<\/p>\n","protected":false},"author":8,"featured_media":29396,"comment_status":"open","ping_status":"open","sticky":false,"template":"","format":"standard","meta":{"jetpack_post_was_ever_published":false,"_jetpack_newsletter_access":"","jetpack_publicize_message":"","jetpack_is_tweetstorm":false,"jetpack_publicize_feature_enabled":true,"jetpack_social_post_already_shared":false,"jetpack_social_options":{"image_generator_settings":{"template":"highway","enabled":false}}},"categories":[6],"tags":[],"jetpack_publicize_connections":[],"jetpack_featured_media_url":"","jetpack_sharing_enabled":true,"jetpack_shortlink":"https:\/\/wp.me\/p3Hz0n-7Df","jetpack_likes_enabled":true,"_links":{"self":[{"href":"https:\/\/agrund.com\/index.php\/wp-json\/wp\/v2\/posts\/29341"}],"collection":[{"href":"https:\/\/agrund.com\/index.php\/wp-json\/wp\/v2\/posts"}],"about":[{"href":"https:\/\/agrund.com\/index.php\/wp-json\/wp\/v2\/types\/post"}],"author":[{"embeddable":true,"href":"https:\/\/agrund.com\/index.php\/wp-json\/wp\/v2\/users\/8"}],"replies":[{"embeddable":true,"href":"https:\/\/agrund.com\/index.php\/wp-json\/wp\/v2\/comments?post=29341"}],"version-history":[{"count":0,"href":"https:\/\/agrund.com\/index.php\/wp-json\/wp\/v2\/posts\/29341\/revisions"}],"wp:featuredmedia":[{"embeddable":true,"href":"https:\/\/agrund.com\/index.php\/wp-json\/"}],"wp:attachment":[{"href":"https:\/\/agrund.com\/index.php\/wp-json\/wp\/v2\/media?parent=29341"}],"wp:term":[{"taxonomy":"category","embeddable":true,"href":"https:\/\/agrund.com\/index.php\/wp-json\/wp\/v2\/categories?post=29341"},{"taxonomy":"post_tag","embeddable":true,"href":"https:\/\/agrund.com\/index.php\/wp-json\/wp\/v2\/tags?post=29341"}],"curies":[{"name":"wp","href":"https:\/\/api.w.org\/{rel}","templated":true}]}}