{"id":29293,"date":"2012-04-27T17:00:55","date_gmt":"2012-04-27T20:00:55","guid":{"rendered":"http:\/\/www.agrund.com\/?p=29293"},"modified":"2012-04-27T17:00:55","modified_gmt":"2012-04-27T20:00:55","slug":"novidade-no-line-up","status":"publish","type":"post","link":"https:\/\/agrund.com\/index.php\/novidade-no-line-up\/","title":{"rendered":"Novidade no Line &#8211; Up"},"content":{"rendered":"<p>A estr\u00e9ia no lie &#8211; up da edi\u00e7\u00e3o Primavera\/Ver\u00e3o 2012\/13 do SPFW \u00e9 Vitorino Campos. O estilista baiano de apenas 24 anos promete trazer para as passarelas pe\u00e7as pr\u00e1ticas e com corte limpo.<\/p>\n<p>Antes do SPFW, Vitorino j\u00e1 apresentou cole\u00e7\u00f5es em eventos como Drag\u00e3o Fashion, Barra Fashion e Rio Moda Hype.<\/p>\n<p>Confiram algumas imagens de suas cole\u00e7\u00f5es passadas enquanto esperamos seu desfile de ver\u00e3o.<\/p>\n<p>&nbsp;<\/p>\n<p style=\"text-align: center\"><a class=\"lightbox\" title=\"20949\" href=\"https:\/\/i0.wp.com\/www.agrund.com\/wp-content\/uploads\/2012\/04\/20949.jpg\"><img decoding=\"async\" loading=\"lazy\" class=\"aligncenter  wp-image-29297\" title=\"20949\" src=\"https:\/\/i0.wp.com\/www.agrund.com\/wp-content\/uploads\/2012\/04\/20949.jpg?resize=300%2C450\" alt=\"\" width=\"300\" height=\"450\" data-recalc-dims=\"1\" \/><\/a><\/p>\n<p style=\"text-align: center\"><a class=\"lightbox\" title=\"20867\" href=\"https:\/\/i0.wp.com\/www.agrund.com\/wp-content\/uploads\/2012\/04\/20867.jpg\"><img decoding=\"async\" loading=\"lazy\" class=\"aligncenter size-full wp-image-29296\" title=\"20867\" src=\"https:\/\/i0.wp.com\/www.agrund.com\/wp-content\/uploads\/2012\/04\/20867.jpg?resize=300%2C450\" alt=\"\" width=\"300\" height=\"450\" data-recalc-dims=\"1\" \/><\/a><\/p>\n<p style=\"text-align: center\"><a class=\"lightbox\" title=\"20793\" href=\"https:\/\/i0.wp.com\/www.agrund.com\/wp-content\/uploads\/2012\/04\/20793.jpg\"><img decoding=\"async\" loading=\"lazy\" class=\"aligncenter size-full wp-image-29295\" title=\"20793\" src=\"https:\/\/i0.wp.com\/www.agrund.com\/wp-content\/uploads\/2012\/04\/20793.jpg?resize=300%2C450\" alt=\"\" width=\"300\" height=\"450\" data-recalc-dims=\"1\" \/><\/a><\/p>\n<p style=\"text-align: center\"><a class=\"lightbox\" title=\"20775\" href=\"https:\/\/i0.wp.com\/www.agrund.com\/wp-content\/uploads\/2012\/04\/20775.jpg\"><img decoding=\"async\" loading=\"lazy\" class=\"aligncenter size-full wp-image-29294\" title=\"20775\" src=\"https:\/\/i0.wp.com\/www.agrund.com\/wp-content\/uploads\/2012\/04\/20775.jpg?resize=300%2C450\" alt=\"\" width=\"300\" height=\"450\" data-recalc-dims=\"1\" \/><\/a><\/p>\n<p style=\"text-align: left\">Imagens: Reprodu\u00e7\u00e3o.<\/p>\n","protected":false},"excerpt":{"rendered":"<p>A estr\u00e9ia no lie &#8211; up da edi\u00e7\u00e3o Primavera\/Ver\u00e3o 2012\/13 do SPFW \u00e9 Vitorino Campos. O estilista baiano de apenas 24 anos promete trazer para as passarelas pe\u00e7as pr\u00e1ticas e com corte limpo. Antes do SPFW, Vitorino j\u00e1 apresentou cole\u00e7\u00f5es em eventos como Drag\u00e3o Fashion, Barra Fashion e Rio Moda Hype. Confiram algumas imagens de [&hellip;]<\/p>\n","protected":false},"author":8,"featured_media":29298,"comment_status":"open","ping_status":"open","sticky":false,"template":"","format":"standard","meta":{"jetpack_post_was_ever_published":false,"_jetpack_newsletter_access":"","jetpack_publicize_message":"","jetpack_is_tweetstorm":false,"jetpack_publicize_feature_enabled":true,"jetpack_social_post_already_shared":false,"jetpack_social_options":{"image_generator_settings":{"template":"highway","enabled":false}}},"categories":[2],"tags":[],"jetpack_publicize_connections":[],"jetpack_featured_media_url":"","jetpack_sharing_enabled":true,"jetpack_shortlink":"https:\/\/wp.me\/p3Hz0n-7Ct","jetpack_likes_enabled":true,"_links":{"self":[{"href":"https:\/\/agrund.com\/index.php\/wp-json\/wp\/v2\/posts\/29293"}],"collection":[{"href":"https:\/\/agrund.com\/index.php\/wp-json\/wp\/v2\/posts"}],"about":[{"href":"https:\/\/agrund.com\/index.php\/wp-json\/wp\/v2\/types\/post"}],"author":[{"embeddable":true,"href":"https:\/\/agrund.com\/index.php\/wp-json\/wp\/v2\/users\/8"}],"replies":[{"embeddable":true,"href":"https:\/\/agrund.com\/index.php\/wp-json\/wp\/v2\/comments?post=29293"}],"version-history":[{"count":0,"href":"https:\/\/agrund.com\/index.php\/wp-json\/wp\/v2\/posts\/29293\/revisions"}],"wp:featuredmedia":[{"embeddable":true,"href":"https:\/\/agrund.com\/index.php\/wp-json\/"}],"wp:attachment":[{"href":"https:\/\/agrund.com\/index.php\/wp-json\/wp\/v2\/media?parent=29293"}],"wp:term":[{"taxonomy":"category","embeddable":true,"href":"https:\/\/agrund.com\/index.php\/wp-json\/wp\/v2\/categories?post=29293"},{"taxonomy":"post_tag","embeddable":true,"href":"https:\/\/agrund.com\/index.php\/wp-json\/wp\/v2\/tags?post=29293"}],"curies":[{"name":"wp","href":"https:\/\/api.w.org\/{rel}","templated":true}]}}