{"id":28805,"date":"2012-04-23T15:00:00","date_gmt":"2012-04-23T19:00:00","guid":{"rendered":"http:\/\/www.agrund.com\/?p=28805"},"modified":"2012-04-23T15:00:00","modified_gmt":"2012-04-23T19:00:00","slug":"camisetas-alexandre-herchcovitch","status":"publish","type":"post","link":"https:\/\/agrund.com\/index.php\/camisetas-alexandre-herchcovitch\/","title":{"rendered":"Camisetas Alexandre Herchcovitch"},"content":{"rendered":"<div>\n<p>Passei s\u00e1bado com Arlindo na loja do Alexandre Herchcovitch, para pegarmos as canecas que vamos sortear para voc\u00eas, aqui no agrund.com e as camisetas da nova cole\u00e7\u00e3o me chamaram aten\u00e7\u00e3o, e como n\u00e3o podia perder essa oportunidade, resolvi fotografar para voc\u00eas!<\/p>\n<p>As famosas caveiras, \u00a0marcar registrada do estilista, aparecem em v\u00e1rias vers\u00f5es, a geometria que \u00e9 uma tend\u00eancia forte desse inverno, tamb\u00e9m estampam numa linda cartela de cores, e at\u00e9 uma estrela de Davi desconstru\u00edda, lindas ! Agora veja as fotos e escolha a sua preferida.<\/p>\n<p>&nbsp;<\/p>\n<p style=\"text-align: center\"><a class=\"lightbox\" title=\"foto 1\" href=\"https:\/\/i0.wp.com\/www.agrund.com\/wp-content\/uploads\/2012\/04\/foto-12.jpg\"><img decoding=\"async\" loading=\"lazy\" class=\"aligncenter  wp-image-28821\" title=\"foto 1\" src=\"https:\/\/i0.wp.com\/www.agrund.com\/wp-content\/uploads\/2012\/04\/foto-12-647x1024.jpg?resize=453%2C717\" alt=\"\" width=\"453\" height=\"717\" data-recalc-dims=\"1\" \/><\/a><\/p>\n<p style=\"text-align: center\"><a class=\"lightbox\" title=\"foto 2\" href=\"https:\/\/i0.wp.com\/www.agrund.com\/wp-content\/uploads\/2012\/04\/foto-23.jpg\"><img decoding=\"async\" loading=\"lazy\" class=\"aligncenter  wp-image-28822\" title=\"foto 2\" src=\"https:\/\/i0.wp.com\/www.agrund.com\/wp-content\/uploads\/2012\/04\/foto-23-606x1024.jpg?resize=453%2C717\" alt=\"\" width=\"453\" height=\"717\" data-recalc-dims=\"1\" \/><\/a><\/p>\n<div><a class=\"lightbox\" title=\"foto 3\" href=\"https:\/\/i0.wp.com\/www.agrund.com\/wp-content\/uploads\/2012\/04\/foto-3.jpg\"><img decoding=\"async\" loading=\"lazy\" class=\"aligncenter  wp-image-28823\" title=\"foto 3\" src=\"https:\/\/i0.wp.com\/www.agrund.com\/wp-content\/uploads\/2012\/04\/foto-3-654x1024.jpg?resize=453%2C717\" alt=\"\" width=\"453\" height=\"717\" data-recalc-dims=\"1\" \/><\/a><\/div>\n<div><\/div>\n<div><a class=\"lightbox\" title=\"foto 5\" href=\"https:\/\/i0.wp.com\/www.agrund.com\/wp-content\/uploads\/2012\/04\/foto-5.jpg\"><img decoding=\"async\" loading=\"lazy\" class=\"aligncenter  wp-image-28825\" title=\"foto 5\" src=\"https:\/\/i0.wp.com\/www.agrund.com\/wp-content\/uploads\/2012\/04\/foto-5-653x1024.jpg?resize=453%2C717\" alt=\"\" width=\"453\" height=\"717\" data-recalc-dims=\"1\" \/><\/a><\/div>\n<div><a class=\"lightbox\" title=\"foto 6\" href=\"https:\/\/i0.wp.com\/www.agrund.com\/wp-content\/uploads\/2012\/04\/foto-6.jpg\"><img decoding=\"async\" loading=\"lazy\" class=\"aligncenter  wp-image-28826\" title=\"foto 6\" src=\"https:\/\/i0.wp.com\/www.agrund.com\/wp-content\/uploads\/2012\/04\/foto-6-601x1024.jpg?resize=453%2C717\" alt=\"\" width=\"453\" height=\"717\" data-recalc-dims=\"1\" \/><\/a><\/div>\n<div><\/div>\n<div><a class=\"lightbox\" title=\"foto 7\" href=\"https:\/\/i0.wp.com\/www.agrund.com\/wp-content\/uploads\/2012\/04\/foto-7.jpg\"><img decoding=\"async\" loading=\"lazy\" class=\"aligncenter  wp-image-28827\" title=\"foto 7\" src=\"https:\/\/i0.wp.com\/www.agrund.com\/wp-content\/uploads\/2012\/04\/foto-7-636x1024.jpg?resize=453%2C717\" alt=\"\" width=\"453\" height=\"717\" data-recalc-dims=\"1\" \/><\/a><\/div>\n<\/div>\n<div><\/div>\n","protected":false},"excerpt":{"rendered":"<p>Passei s\u00e1bado com Arlindo na loja do Alexandre Herchcovitch, para pegarmos as canecas que vamos sortear para voc\u00eas, aqui no agrund.com e as camisetas da nova cole\u00e7\u00e3o me chamaram aten\u00e7\u00e3o, e como n\u00e3o podia perder essa oportunidade, resolvi fotografar para voc\u00eas! As famosas caveiras, \u00a0marcar registrada do estilista, aparecem em v\u00e1rias vers\u00f5es, a geometria que [&hellip;]<\/p>\n","protected":false},"author":8,"featured_media":28813,"comment_status":"open","ping_status":"open","sticky":false,"template":"","format":"standard","meta":{"jetpack_post_was_ever_published":false,"_jetpack_newsletter_access":"","jetpack_publicize_message":"","jetpack_is_tweetstorm":false,"jetpack_publicize_feature_enabled":true,"jetpack_social_post_already_shared":false,"jetpack_social_options":{"image_generator_settings":{"template":"highway","enabled":false}}},"categories":[6],"tags":[],"jetpack_publicize_connections":[],"jetpack_featured_media_url":"","jetpack_sharing_enabled":true,"jetpack_shortlink":"https:\/\/wp.me\/p3Hz0n-7uB","jetpack_likes_enabled":true,"_links":{"self":[{"href":"https:\/\/agrund.com\/index.php\/wp-json\/wp\/v2\/posts\/28805"}],"collection":[{"href":"https:\/\/agrund.com\/index.php\/wp-json\/wp\/v2\/posts"}],"about":[{"href":"https:\/\/agrund.com\/index.php\/wp-json\/wp\/v2\/types\/post"}],"author":[{"embeddable":true,"href":"https:\/\/agrund.com\/index.php\/wp-json\/wp\/v2\/users\/8"}],"replies":[{"embeddable":true,"href":"https:\/\/agrund.com\/index.php\/wp-json\/wp\/v2\/comments?post=28805"}],"version-history":[{"count":0,"href":"https:\/\/agrund.com\/index.php\/wp-json\/wp\/v2\/posts\/28805\/revisions"}],"wp:featuredmedia":[{"embeddable":true,"href":"https:\/\/agrund.com\/index.php\/wp-json\/"}],"wp:attachment":[{"href":"https:\/\/agrund.com\/index.php\/wp-json\/wp\/v2\/media?parent=28805"}],"wp:term":[{"taxonomy":"category","embeddable":true,"href":"https:\/\/agrund.com\/index.php\/wp-json\/wp\/v2\/categories?post=28805"},{"taxonomy":"post_tag","embeddable":true,"href":"https:\/\/agrund.com\/index.php\/wp-json\/wp\/v2\/tags?post=28805"}],"curies":[{"name":"wp","href":"https:\/\/api.w.org\/{rel}","templated":true}]}}