{"id":28776,"date":"2012-04-23T11:00:03","date_gmt":"2012-04-23T15:00:03","guid":{"rendered":"http:\/\/www.agrund.com\/?p=28776"},"modified":"2012-04-23T11:00:03","modified_gmt":"2012-04-23T15:00:03","slug":"joias-para-homens-2","status":"publish","type":"post","link":"https:\/\/agrund.com\/index.php\/joias-para-homens-2\/","title":{"rendered":"J\u00f3ias Para Homens"},"content":{"rendered":"<p>O mercado de j\u00f3ias para homens de uns tempos pra c\u00e1, tomou seu merecido espa\u00e7o. Agora n\u00e3o \u00e9 s\u00f3 privil\u00e9gio delas, as marcas est\u00e3o apostando pesado para esse novo p\u00fablico, e criando pe\u00e7as exclusivamente masculinas.Sem exageros, an\u00e9is, pulseiras e colares, em ouro ou prata, podem deixar seu visual ainda mais elegante e atual. Ou voc\u00ea ainda tem o pensamento que homem n\u00e3o usa j\u00f3ias?<\/p>\n<p>&nbsp;<\/p>\n<div class=\"mceTemp mceIEcenter\" style=\"text-align: center\">\n<dl id=\"attachment_28782\" class=\"wp-caption aligncenter\" style=\"width: 323px\">\n<dt class=\"wp-caption-dt\"><a class=\"lightbox\" title=\"PULSEIRA EM PRATA MONTBLANC\" href=\"https:\/\/i0.wp.com\/www.agrund.com\/wp-content\/uploads\/2012\/04\/PULSEIRA-EM-PRATA-MONTBLANC.png\"><img decoding=\"async\" loading=\"lazy\" class=\"size-full wp-image-28782 \" title=\"PULSEIRA EM PRATA MONTBLANC\" src=\"https:\/\/i0.wp.com\/www.agrund.com\/wp-content\/uploads\/2012\/04\/PULSEIRA-EM-PRATA-MONTBLANC.png?resize=313%2C465\" alt=\"Pulseira em prata Montblanc\" width=\"313\" height=\"465\" data-recalc-dims=\"1\" \/><\/a><\/dt>\n<dd class=\"wp-caption-dd\">Pulseira em prata Montblanc<\/dd>\n<\/dl>\n<\/div>\n<div id=\"attachment_28781\" style=\"width: 323px\" class=\"wp-caption aligncenter\"><a class=\"lightbox\" title=\"PULSEIRA E COLAR Tiffany &amp; Co\" href=\"https:\/\/i0.wp.com\/www.agrund.com\/wp-content\/uploads\/2012\/04\/PULSEIRA-E-COLAR-Tiffany-Co.jpg\"><img aria-describedby=\"caption-attachment-28781\" decoding=\"async\" loading=\"lazy\" class=\" wp-image-28781   \" title=\"PULSEIRA E COLAR Tiffany &amp; Co\" src=\"https:\/\/i0.wp.com\/www.agrund.com\/wp-content\/uploads\/2012\/04\/PULSEIRA-E-COLAR-Tiffany-Co.jpg?resize=313%2C465\" alt=\"Pulseira e colar  Tiffany &amp; Co\" width=\"313\" height=\"465\" data-recalc-dims=\"1\" \/><\/a><p id=\"caption-attachment-28781\" class=\"wp-caption-text\">Pulseira e colar Tiffany &amp; Co<\/p><\/div>\n<div id=\"attachment_28780\" style=\"width: 323px\" class=\"wp-caption aligncenter\"><a class=\"lightbox\" title=\"COLAR MONTBLANC\" href=\"https:\/\/i0.wp.com\/www.agrund.com\/wp-content\/uploads\/2012\/04\/COLAR-MONTBLANC.png\"><img aria-describedby=\"caption-attachment-28780\" decoding=\"async\" loading=\"lazy\" class=\"size-full wp-image-28780\" title=\"COLAR MONTBLANC\" src=\"https:\/\/i0.wp.com\/www.agrund.com\/wp-content\/uploads\/2012\/04\/COLAR-MONTBLANC.png?resize=313%2C465\" alt=\"Colar Montblanc\" width=\"313\" height=\"465\" data-recalc-dims=\"1\" \/><\/a><p id=\"caption-attachment-28780\" class=\"wp-caption-text\">Colar Montblanc<\/p><\/div>\n<div id=\"attachment_28779\" style=\"width: 325px\" class=\"wp-caption aligncenter\"><a class=\"lightbox\" title=\"ANEL EM PRATA AMSTERDAM SAUER\" href=\"https:\/\/i0.wp.com\/www.agrund.com\/wp-content\/uploads\/2012\/04\/ANEL-EM-PRATA-AMSTERDAM-SAUER.jpg\"><img aria-describedby=\"caption-attachment-28779\" decoding=\"async\" loading=\"lazy\" class=\" wp-image-28779    \" title=\"ANEL EM PRATA AMSTERDAM SAUER\" src=\"https:\/\/i0.wp.com\/www.agrund.com\/wp-content\/uploads\/2012\/04\/ANEL-EM-PRATA-AMSTERDAM-SAUER.jpg?resize=315%2C439\" alt=\"Anel em prata Amsterdam Sauer\" width=\"315\" height=\"439\" data-recalc-dims=\"1\" \/><\/a><p id=\"caption-attachment-28779\" class=\"wp-caption-text\">Anel em prata Amsterdam Sauer<\/p><\/div>\n<div id=\"attachment_28778\" style=\"width: 325px\" class=\"wp-caption aligncenter\"><a class=\"lightbox\" title=\"Anel articulado em prata Ara Vartanian\" href=\"https:\/\/i0.wp.com\/www.agrund.com\/wp-content\/uploads\/2012\/04\/Anel-articulado-em-prata-Ara-Vartanian1.jpg\"><img aria-describedby=\"caption-attachment-28778\" decoding=\"async\" loading=\"lazy\" class=\" wp-image-28778 \" title=\"Anel articulado em prata Ara Vartanian\" src=\"https:\/\/i0.wp.com\/www.agrund.com\/wp-content\/uploads\/2012\/04\/Anel-articulado-em-prata-Ara-Vartanian1.jpg?resize=315%2C180\" alt=\"Anel articulado em prata Ara Vartanian\" width=\"315\" height=\"180\" data-recalc-dims=\"1\" \/><\/a><p id=\"caption-attachment-28778\" class=\"wp-caption-text\">Anel articulado em prata Ara Vartanian<\/p><\/div>\n<p>Imagens: Reprodu\u00e7\u00e3o.<\/p>\n<p><a href=\"http:\/\/www.agrund.com\/category\/moda-masculina-por-fabio-paiva\/\">\u00a0Confira mais moda masculina por Fabio Paiva.<\/a><\/p>\n<p><img decoding=\"async\" src=\"https:\/\/i0.wp.com\/www.agrund.com\/wp-content\/themes\/FashionPlus\/images\/topo_moda_masculina.jpg\" alt=\"Moda Masculina\" data-recalc-dims=\"1\" \/><\/p>\n","protected":false},"excerpt":{"rendered":"<p>O mercado de j\u00f3ias para homens de uns tempos pra c\u00e1, tomou seu merecido espa\u00e7o. Agora n\u00e3o \u00e9 s\u00f3 privil\u00e9gio delas, as marcas est\u00e3o apostando pesado para esse novo p\u00fablico, e criando pe\u00e7as exclusivamente masculinas.Sem exageros, an\u00e9is, pulseiras e colares, em ouro ou prata, podem deixar seu visual ainda mais elegante e atual. Ou voc\u00ea [&hellip;]<\/p>\n","protected":false},"author":8,"featured_media":28783,"comment_status":"open","ping_status":"open","sticky":false,"template":"","format":"standard","meta":{"jetpack_post_was_ever_published":false,"_jetpack_newsletter_access":"","jetpack_publicize_message":"","jetpack_is_tweetstorm":false,"jetpack_publicize_feature_enabled":true,"jetpack_social_post_already_shared":false,"jetpack_social_options":{"image_generator_settings":{"template":"highway","enabled":false}}},"categories":[6],"tags":[],"jetpack_publicize_connections":[],"jetpack_featured_media_url":"","jetpack_sharing_enabled":true,"jetpack_shortlink":"https:\/\/wp.me\/p3Hz0n-7u8","jetpack_likes_enabled":true,"_links":{"self":[{"href":"https:\/\/agrund.com\/index.php\/wp-json\/wp\/v2\/posts\/28776"}],"collection":[{"href":"https:\/\/agrund.com\/index.php\/wp-json\/wp\/v2\/posts"}],"about":[{"href":"https:\/\/agrund.com\/index.php\/wp-json\/wp\/v2\/types\/post"}],"author":[{"embeddable":true,"href":"https:\/\/agrund.com\/index.php\/wp-json\/wp\/v2\/users\/8"}],"replies":[{"embeddable":true,"href":"https:\/\/agrund.com\/index.php\/wp-json\/wp\/v2\/comments?post=28776"}],"version-history":[{"count":0,"href":"https:\/\/agrund.com\/index.php\/wp-json\/wp\/v2\/posts\/28776\/revisions"}],"wp:featuredmedia":[{"embeddable":true,"href":"https:\/\/agrund.com\/index.php\/wp-json\/"}],"wp:attachment":[{"href":"https:\/\/agrund.com\/index.php\/wp-json\/wp\/v2\/media?parent=28776"}],"wp:term":[{"taxonomy":"category","embeddable":true,"href":"https:\/\/agrund.com\/index.php\/wp-json\/wp\/v2\/categories?post=28776"},{"taxonomy":"post_tag","embeddable":true,"href":"https:\/\/agrund.com\/index.php\/wp-json\/wp\/v2\/tags?post=28776"}],"curies":[{"name":"wp","href":"https:\/\/api.w.org\/{rel}","templated":true}]}}