{"id":28652,"date":"2012-04-20T13:40:23","date_gmt":"2012-04-20T17:40:23","guid":{"rendered":"http:\/\/www.agrund.com\/?p=28652"},"modified":"2012-04-20T13:40:23","modified_gmt":"2012-04-20T17:40:23","slug":"a-nova-maquiadora-do-esquadrao-da-moda","status":"publish","type":"post","link":"https:\/\/agrund.com\/index.php\/a-nova-maquiadora-do-esquadrao-da-moda\/","title":{"rendered":"A nova maquiadora do Esquadr\u00e3o da Moda"},"content":{"rendered":"<p>Amanh\u00e3 todos n\u00f3s estaremos ligados no SBT, \u00e0s 20h30 com a reestreia do Esquadr\u00e3o da Moda. Muitas novidades e surpresas que estamos preparando para voc\u00eas. Um dos\u00a0 diferenciais \u00e9 que estamos baseado no centro do com\u00e9rcio de luxo do Brasil, a Rua Oscar Freire em S\u00e3o Paulo.<\/p>\n<p>Outra novidade do programa \u00e9 a participa\u00e7\u00e3o de Virg\u00ednia Gregorio. Maquiadora h\u00e1 dez anos, ela \u00e9 designer de sobrancelhas e j\u00e1 participou de edi\u00e7\u00f5es do S\u00e3o Paulo Fashion Week e de editoriais de moda de algumas revistas.<\/p>\n<p>M\u00e3e de duas filhas, ela trabalha em um dos sal\u00f5es mais conceituados do pa\u00eds, o Studio W. E logo ap\u00f3s o programa confira no\u00a0<a href=\"http:\/\/agrund.com\/\" target=\"_blank\">agrund.com<\/a>\u00a0Bastidores Exclusivos Do Esquadr\u00e3o da Moda.<\/p>\n<p>&nbsp;<\/p>\n<p><a class=\"lightbox\" title=\"1 (14)\" href=\"https:\/\/i0.wp.com\/www.agrund.com\/wp-content\/uploads\/2012\/04\/1-14.jpg\"><img decoding=\"async\" loading=\"lazy\" class=\"aligncenter size-full wp-image-28653\" title=\"1 (14)\" src=\"https:\/\/i0.wp.com\/www.agrund.com\/wp-content\/uploads\/2012\/04\/1-14.jpg?resize=300%2C400\" alt=\"\" width=\"300\" height=\"400\" data-recalc-dims=\"1\" \/><\/a><\/p>\n<p>Imagem: Reprodu\u00e7\u00e3o.<\/p>\n","protected":false},"excerpt":{"rendered":"<p>Amanh\u00e3 todos n\u00f3s estaremos ligados no SBT, \u00e0s 20h30 com a reestreia do Esquadr\u00e3o da Moda. Muitas novidades e surpresas que estamos preparando para voc\u00eas. Um dos\u00a0 diferenciais \u00e9 que estamos baseado no centro do com\u00e9rcio de luxo do Brasil, a Rua Oscar Freire em S\u00e3o Paulo. Outra novidade do programa \u00e9 a participa\u00e7\u00e3o de [&hellip;]<\/p>\n","protected":false},"author":8,"featured_media":28654,"comment_status":"open","ping_status":"open","sticky":false,"template":"","format":"standard","meta":{"jetpack_post_was_ever_published":false,"_jetpack_newsletter_access":"","jetpack_publicize_message":"","jetpack_is_tweetstorm":false,"jetpack_publicize_feature_enabled":true,"jetpack_social_post_already_shared":false,"jetpack_social_options":{"image_generator_settings":{"template":"highway","enabled":false}}},"categories":[32],"tags":[],"jetpack_publicize_connections":[],"jetpack_featured_media_url":"","jetpack_sharing_enabled":true,"jetpack_shortlink":"https:\/\/wp.me\/p3Hz0n-7s8","jetpack_likes_enabled":true,"_links":{"self":[{"href":"https:\/\/agrund.com\/index.php\/wp-json\/wp\/v2\/posts\/28652"}],"collection":[{"href":"https:\/\/agrund.com\/index.php\/wp-json\/wp\/v2\/posts"}],"about":[{"href":"https:\/\/agrund.com\/index.php\/wp-json\/wp\/v2\/types\/post"}],"author":[{"embeddable":true,"href":"https:\/\/agrund.com\/index.php\/wp-json\/wp\/v2\/users\/8"}],"replies":[{"embeddable":true,"href":"https:\/\/agrund.com\/index.php\/wp-json\/wp\/v2\/comments?post=28652"}],"version-history":[{"count":0,"href":"https:\/\/agrund.com\/index.php\/wp-json\/wp\/v2\/posts\/28652\/revisions"}],"wp:featuredmedia":[{"embeddable":true,"href":"https:\/\/agrund.com\/index.php\/wp-json\/"}],"wp:attachment":[{"href":"https:\/\/agrund.com\/index.php\/wp-json\/wp\/v2\/media?parent=28652"}],"wp:term":[{"taxonomy":"category","embeddable":true,"href":"https:\/\/agrund.com\/index.php\/wp-json\/wp\/v2\/categories?post=28652"},{"taxonomy":"post_tag","embeddable":true,"href":"https:\/\/agrund.com\/index.php\/wp-json\/wp\/v2\/tags?post=28652"}],"curies":[{"name":"wp","href":"https:\/\/api.w.org\/{rel}","templated":true}]}}