{"id":28572,"date":"2012-04-19T12:00:41","date_gmt":"2012-04-19T16:00:41","guid":{"rendered":"http:\/\/www.agrund.com\/?p=28572"},"modified":"2012-04-19T12:00:41","modified_gmt":"2012-04-19T16:00:41","slug":"croquis-victor-dzenk","status":"publish","type":"post","link":"https:\/\/agrund.com\/index.php\/croquis-victor-dzenk\/","title":{"rendered":"CROQUIS VICTOR DZENK"},"content":{"rendered":"<p>Sexta- feira(27\/04)\u00a0, o estilista mineiro\u00a0<strong>Victor Dzenk<\/strong>\u00a0apresenta sua cole\u00e7\u00e3o\u00a0<strong>Ver\u00e3o 2013<\/strong>\u00a0com um desfile externo na\u00a0<strong>Casa Bernardi<\/strong>\u00a0(Belo Horizonte), dentro da programa\u00e7\u00e3o do\u00a0<strong>Minas Trend Preview<\/strong>. Al\u00e9m de apresentar sua\u00a0<strong>Neo Tropic\u00e1lia<\/strong>, o estilista tamb\u00e9m mostrar\u00e1 o resultado de seu mais recente projeto social: uma camiseta exclusiva, assinada por ele em parceria com a\u00a0<strong>ChildFund Brasil (CFB)<\/strong>. Toda a verba arrecadada com a venda dessa pe\u00e7a ser\u00e1 revertida a projetos da institui\u00e7\u00e3o.<\/p>\n<p style=\"text-align: center\"><a class=\"lightbox\" title=\"Croqui2\" href=\"https:\/\/i0.wp.com\/www.agrund.com\/wp-content\/uploads\/2012\/04\/Croqui2.jpg\"><img decoding=\"async\" loading=\"lazy\" class=\"aligncenter  wp-image-28574\" title=\"Croqui2\" src=\"https:\/\/i0.wp.com\/www.agrund.com\/wp-content\/uploads\/2012\/04\/Croqui2-704x1024.jpg?resize=422%2C614\" alt=\"\" width=\"422\" height=\"614\" data-recalc-dims=\"1\" \/><\/a><\/p>\n<p style=\"text-align: center\"><a class=\"lightbox\" title=\"Croqui1\" href=\"https:\/\/i0.wp.com\/www.agrund.com\/wp-content\/uploads\/2012\/04\/Croqui1.jpg\"><img decoding=\"async\" loading=\"lazy\" class=\"aligncenter  wp-image-28573\" title=\"Croqui1\" src=\"https:\/\/i0.wp.com\/www.agrund.com\/wp-content\/uploads\/2012\/04\/Croqui1-589x1024.jpg?resize=422%2C514\" alt=\"\" width=\"422\" height=\"514\" data-recalc-dims=\"1\" \/><\/a><\/p>\n<p>&nbsp;<\/p>\n<p><strong>Cr\u00e9dito dos croquis:<\/strong>\u00a0Divulga\u00e7\u00e3o<\/p>\n","protected":false},"excerpt":{"rendered":"<p>Sexta- feira(27\/04)\u00a0, o estilista mineiro\u00a0Victor Dzenk\u00a0apresenta sua cole\u00e7\u00e3o\u00a0Ver\u00e3o 2013\u00a0com um desfile externo na\u00a0Casa Bernardi\u00a0(Belo Horizonte), dentro da programa\u00e7\u00e3o do\u00a0Minas Trend Preview. Al\u00e9m de apresentar sua\u00a0Neo Tropic\u00e1lia, o estilista tamb\u00e9m mostrar\u00e1 o resultado de seu mais recente projeto social: uma camiseta exclusiva, assinada por ele em parceria com a\u00a0ChildFund Brasil (CFB). Toda a verba arrecadada com [&hellip;]<\/p>\n","protected":false},"author":8,"featured_media":28575,"comment_status":"open","ping_status":"open","sticky":false,"template":"","format":"standard","meta":{"jetpack_post_was_ever_published":false,"_jetpack_newsletter_access":"","jetpack_publicize_message":"","jetpack_is_tweetstorm":false,"jetpack_publicize_feature_enabled":true,"jetpack_social_post_already_shared":false,"jetpack_social_options":{"image_generator_settings":{"template":"highway","enabled":false}}},"categories":[2],"tags":[],"jetpack_publicize_connections":[],"jetpack_featured_media_url":"","jetpack_sharing_enabled":true,"jetpack_shortlink":"https:\/\/wp.me\/p3Hz0n-7qQ","jetpack_likes_enabled":true,"_links":{"self":[{"href":"https:\/\/agrund.com\/index.php\/wp-json\/wp\/v2\/posts\/28572"}],"collection":[{"href":"https:\/\/agrund.com\/index.php\/wp-json\/wp\/v2\/posts"}],"about":[{"href":"https:\/\/agrund.com\/index.php\/wp-json\/wp\/v2\/types\/post"}],"author":[{"embeddable":true,"href":"https:\/\/agrund.com\/index.php\/wp-json\/wp\/v2\/users\/8"}],"replies":[{"embeddable":true,"href":"https:\/\/agrund.com\/index.php\/wp-json\/wp\/v2\/comments?post=28572"}],"version-history":[{"count":0,"href":"https:\/\/agrund.com\/index.php\/wp-json\/wp\/v2\/posts\/28572\/revisions"}],"wp:featuredmedia":[{"embeddable":true,"href":"https:\/\/agrund.com\/index.php\/wp-json\/"}],"wp:attachment":[{"href":"https:\/\/agrund.com\/index.php\/wp-json\/wp\/v2\/media?parent=28572"}],"wp:term":[{"taxonomy":"category","embeddable":true,"href":"https:\/\/agrund.com\/index.php\/wp-json\/wp\/v2\/categories?post=28572"},{"taxonomy":"post_tag","embeddable":true,"href":"https:\/\/agrund.com\/index.php\/wp-json\/wp\/v2\/tags?post=28572"}],"curies":[{"name":"wp","href":"https:\/\/api.w.org\/{rel}","templated":true}]}}