{"id":2832,"date":"2011-01-15T16:32:37","date_gmt":"2011-01-15T18:32:37","guid":{"rendered":"http:\/\/www.agrund.com\/blogs\/notas\/?p=2832"},"modified":"2011-01-15T16:32:37","modified_gmt":"2011-01-15T18:32:37","slug":"as-mochilas-da-redley","status":"publish","type":"post","link":"https:\/\/agrund.com\/index.php\/as-mochilas-da-redley\/","title":{"rendered":"AS MOCHILAS DA REDLEY"},"content":{"rendered":"<p>Depois que os desfiles do 4o dia de Fashion Rio acabaram, um coment\u00e1rio era unanime: &#8221; e as mochilas da <a href=\"http:\/\/www.agrund.com\/redley-no-rfw\/\">Redley<\/a>, hein?&#8221;.<\/p>\n<p>A marca conseguiu inovar bem com as suas mochilas. A maioria era feita de lona resinada e n\u00e3o eram apenas acess\u00f3rios, mas completavam e harmonizavam o look.<\/p>\n<p>J\u00e1 faz a sua wishlist:<\/p>\n<div id=\"attachment_2839\" style=\"width: 383px\" class=\"wp-caption aligncenter\"><a href=\"https:\/\/i0.wp.com\/www.agrund.com\/files\/2011\/01\/Picture-40.png\"><img aria-describedby=\"caption-attachment-2839\" decoding=\"async\" loading=\"lazy\" class=\"size-full wp-image-2839\" src=\"https:\/\/i0.wp.com\/www.agrund.com\/arquivo\/notas\/files\/2011\/01\/Picture-40.png?resize=373%2C566\" alt=\"\" width=\"373\" height=\"566\" data-recalc-dims=\"1\" \/><\/a><p id=\"caption-attachment-2839\" class=\"wp-caption-text\">A preferida. Junto com o look, parecia o capuz do casaco.<\/p><\/div>\n<p><img decoding=\"async\" loading=\"lazy\" class=\"aligncenter size-full wp-image-2838\" src=\"https:\/\/i0.wp.com\/www.agrund.com\/arquivo\/notas\/files\/2011\/01\/Picture-39.png?resize=370%2C557\" alt=\"\" width=\"370\" height=\"557\" data-recalc-dims=\"1\" \/><\/p>\n<p><img decoding=\"async\" loading=\"lazy\" class=\"aligncenter size-full wp-image-2837\" src=\"https:\/\/i0.wp.com\/www.agrund.com\/arquivo\/notas\/files\/2011\/01\/Picture-38.png?resize=373%2C566\" alt=\"\" width=\"373\" height=\"566\" data-recalc-dims=\"1\" \/><\/p>\n<p><img decoding=\"async\" loading=\"lazy\" class=\"aligncenter size-full wp-image-2836\" src=\"https:\/\/i0.wp.com\/www.agrund.com\/arquivo\/notas\/files\/2011\/01\/Picture-37.png?resize=375%2C564\" alt=\"\" width=\"375\" height=\"564\" data-recalc-dims=\"1\" \/><\/p>\n<p><img decoding=\"async\" loading=\"lazy\" class=\"aligncenter size-full wp-image-2835\" src=\"https:\/\/i0.wp.com\/www.agrund.com\/arquivo\/notas\/files\/2011\/01\/Picture-36.png?resize=382%2C575\" alt=\"\" width=\"382\" height=\"575\" data-recalc-dims=\"1\" \/><\/p>\n<p><img decoding=\"async\" loading=\"lazy\" class=\"aligncenter size-full wp-image-2834\" src=\"https:\/\/i0.wp.com\/www.agrund.com\/arquivo\/notas\/files\/2011\/01\/Picture-35.png?resize=373%2C573\" alt=\"\" width=\"373\" height=\"573\" data-recalc-dims=\"1\" \/><\/p>\n<p><img decoding=\"async\" loading=\"lazy\" class=\"aligncenter size-full wp-image-2833\" src=\"https:\/\/i0.wp.com\/www.agrund.com\/arquivo\/notas\/files\/2011\/01\/Picture-34.png?resize=375%2C569\" alt=\"\" width=\"375\" height=\"569\" data-recalc-dims=\"1\" \/><\/p>\n<p>imagens via<a href=\"http:\/\/www.ffw.com.br\"> FFW<\/a><\/p>\n<p>Veja o que achamos do desfile da Redley <a href=\"http:\/\/www.agrund.com\/redley-no-rfw\/\">aqui.<\/a><\/p>\n","protected":false},"excerpt":{"rendered":"<p>Depois que os desfiles do 4o dia de Fashion Rio acabaram, um coment\u00e1rio era unanime: &#8221; e as mochilas da Redley, hein?&#8221;. A marca conseguiu inovar bem com as suas mochilas. A maioria era feita de lona resinada e n\u00e3o eram apenas acess\u00f3rios, mas completavam e harmonizavam o look. J\u00e1 faz a sua wishlist: imagens [&hellip;]<\/p>\n","protected":false},"author":8,"featured_media":2839,"comment_status":"open","ping_status":"open","sticky":false,"template":"","format":"standard","meta":{"jetpack_post_was_ever_published":false,"_jetpack_newsletter_access":"","jetpack_publicize_message":"","jetpack_is_tweetstorm":false,"jetpack_publicize_feature_enabled":true,"jetpack_social_post_already_shared":false,"jetpack_social_options":{"image_generator_settings":{"template":"highway","enabled":false}}},"categories":[2],"tags":[],"jetpack_publicize_connections":[],"jetpack_featured_media_url":"","jetpack_sharing_enabled":true,"jetpack_shortlink":"https:\/\/wp.me\/p3Hz0n-JG","jetpack_likes_enabled":true,"_links":{"self":[{"href":"https:\/\/agrund.com\/index.php\/wp-json\/wp\/v2\/posts\/2832"}],"collection":[{"href":"https:\/\/agrund.com\/index.php\/wp-json\/wp\/v2\/posts"}],"about":[{"href":"https:\/\/agrund.com\/index.php\/wp-json\/wp\/v2\/types\/post"}],"author":[{"embeddable":true,"href":"https:\/\/agrund.com\/index.php\/wp-json\/wp\/v2\/users\/8"}],"replies":[{"embeddable":true,"href":"https:\/\/agrund.com\/index.php\/wp-json\/wp\/v2\/comments?post=2832"}],"version-history":[{"count":0,"href":"https:\/\/agrund.com\/index.php\/wp-json\/wp\/v2\/posts\/2832\/revisions"}],"wp:featuredmedia":[{"embeddable":true,"href":"https:\/\/agrund.com\/index.php\/wp-json\/"}],"wp:attachment":[{"href":"https:\/\/agrund.com\/index.php\/wp-json\/wp\/v2\/media?parent=2832"}],"wp:term":[{"taxonomy":"category","embeddable":true,"href":"https:\/\/agrund.com\/index.php\/wp-json\/wp\/v2\/categories?post=2832"},{"taxonomy":"post_tag","embeddable":true,"href":"https:\/\/agrund.com\/index.php\/wp-json\/wp\/v2\/tags?post=2832"}],"curies":[{"name":"wp","href":"https:\/\/api.w.org\/{rel}","templated":true}]}}