{"id":28217,"date":"2012-04-16T18:00:14","date_gmt":"2012-04-16T22:00:14","guid":{"rendered":"http:\/\/www.agrund.com\/?p=28217"},"modified":"2012-04-16T18:00:14","modified_gmt":"2012-04-16T22:00:14","slug":"o-roqueiro-tico-santa-gruz-tira-a-roupa-para-fotografar-campanha","status":"publish","type":"post","link":"https:\/\/agrund.com\/index.php\/o-roqueiro-tico-santa-gruz-tira-a-roupa-para-fotografar-campanha\/","title":{"rendered":"O ROQUEIRO TICO SANTA CRUZ TIRA A ROUPA PARA FOTOGRAFAR CAMPANHA"},"content":{"rendered":"<p>O estilista Marcelu Ferraz , chamou Tico Santa Cruz para fotografar sua campanha de inverno 2012. A cole\u00e7\u00e3o tem muito do universo navarro, com franjas, cores e estampas \u00e9tnicas, mesclando com elementos punk, , como o preto, tachas, spikes e tatuagens. especialidade da marca.<\/p>\n<p>O que me chamou a aten\u00e7\u00e3o foi um terno(blazer,colete e cal\u00e7a) com leitura contempor\u00e2nea e muita personalidade, quero um para mim.<\/p>\n<p>\u00c1 vontade na frente das lentes, Tico n\u00e3o hesitou em tirar a roupa para a sess\u00e3o de fotos. \u201cAs pessoas se incomodam com a nudez, mas n\u00e3o demonstram tanta insatisfa\u00e7\u00e3o contra o preconceito e a falta de escolas para as crian\u00e7as no Brasil.\u201d, declarou o cantor.<\/p>\n<p style=\"text-align: center\"><a class=\"lightbox\" title=\"Marcelu-Ferraz-Inv12-14\" href=\"https:\/\/i0.wp.com\/www.agrund.com\/wp-content\/uploads\/2012\/04\/Marcelu-Ferraz-Inv12-14.jpg\"><img decoding=\"async\" loading=\"lazy\" class=\"aligncenter  wp-image-28227\" title=\"Marcelu-Ferraz-Inv12-14\" src=\"https:\/\/i0.wp.com\/www.agrund.com\/wp-content\/uploads\/2012\/04\/Marcelu-Ferraz-Inv12-14-652x1024.jpg?resize=456%2C717\" alt=\"\" width=\"456\" height=\"717\" data-recalc-dims=\"1\" \/><\/a><\/p>\n<p style=\"text-align: center\"><a class=\"lightbox\" title=\"Marcelu-Ferraz-Inv12-13\" href=\"https:\/\/i0.wp.com\/www.agrund.com\/wp-content\/uploads\/2012\/04\/Marcelu-Ferraz-Inv12-13.jpg\"><img decoding=\"async\" loading=\"lazy\" class=\"aligncenter  wp-image-28226\" title=\"Marcelu-Ferraz-Inv12-13\" src=\"https:\/\/i0.wp.com\/www.agrund.com\/wp-content\/uploads\/2012\/04\/Marcelu-Ferraz-Inv12-13.jpg?resize=456%2C717\" alt=\"\" width=\"456\" height=\"717\" data-recalc-dims=\"1\" \/><\/a><\/p>\n<p style=\"text-align: center\"><a class=\"lightbox\" title=\"Marcelu-Ferraz-Inv12-12\" href=\"https:\/\/i0.wp.com\/www.agrund.com\/wp-content\/uploads\/2012\/04\/Marcelu-Ferraz-Inv12-12.jpg\"><img decoding=\"async\" loading=\"lazy\" class=\"aligncenter  wp-image-28225\" title=\"Marcelu-Ferraz-Inv12-12\" src=\"https:\/\/i0.wp.com\/www.agrund.com\/wp-content\/uploads\/2012\/04\/Marcelu-Ferraz-Inv12-12.jpg?resize=456%2C717\" alt=\"\" width=\"456\" height=\"717\" data-recalc-dims=\"1\" \/><\/a><\/p>\n<p style=\"text-align: center\"><a class=\"lightbox\" title=\"Marcelu-Ferraz-Inv12-11\" href=\"https:\/\/i0.wp.com\/www.agrund.com\/wp-content\/uploads\/2012\/04\/Marcelu-Ferraz-Inv12-11.jpg\"><img decoding=\"async\" loading=\"lazy\" class=\"aligncenter  wp-image-28224\" title=\"Marcelu-Ferraz-Inv12-11\" src=\"https:\/\/i0.wp.com\/www.agrund.com\/wp-content\/uploads\/2012\/04\/Marcelu-Ferraz-Inv12-11.jpg?resize=456%2C717\" alt=\"\" width=\"456\" height=\"717\" data-recalc-dims=\"1\" \/><\/a><\/p>\n<p style=\"text-align: center\"><a class=\"lightbox\" title=\"Marcelu-Ferraz-Inv12-10\" href=\"https:\/\/i0.wp.com\/www.agrund.com\/wp-content\/uploads\/2012\/04\/Marcelu-Ferraz-Inv12-10.jpg\"><img decoding=\"async\" loading=\"lazy\" class=\"aligncenter  wp-image-28223\" title=\"Marcelu-Ferraz-Inv12-10\" src=\"https:\/\/i0.wp.com\/www.agrund.com\/wp-content\/uploads\/2012\/04\/Marcelu-Ferraz-Inv12-10.jpg?resize=456%2C717\" alt=\"\" width=\"456\" height=\"717\" data-recalc-dims=\"1\" \/><\/a><\/p>\n<p style=\"text-align: center\"><a class=\"lightbox\" title=\"Marcelu-Ferraz-Inv12-05\" href=\"https:\/\/i0.wp.com\/www.agrund.com\/wp-content\/uploads\/2012\/04\/Marcelu-Ferraz-Inv12-05.jpg\"><img decoding=\"async\" loading=\"lazy\" class=\"aligncenter  wp-image-28222\" title=\"Marcelu-Ferraz-Inv12-05\" src=\"https:\/\/i0.wp.com\/www.agrund.com\/wp-content\/uploads\/2012\/04\/Marcelu-Ferraz-Inv12-05.jpg?resize=456%2C717\" alt=\"\" width=\"456\" height=\"717\" data-recalc-dims=\"1\" \/><\/a><\/p>\n<p style=\"text-align: center\"><a class=\"lightbox\" title=\"Marcelu-Ferraz-Inv12-04\" href=\"https:\/\/i0.wp.com\/www.agrund.com\/wp-content\/uploads\/2012\/04\/Marcelu-Ferraz-Inv12-04.jpg\"><img decoding=\"async\" loading=\"lazy\" class=\"aligncenter  wp-image-28221\" title=\"Marcelu-Ferraz-Inv12-04\" src=\"https:\/\/i0.wp.com\/www.agrund.com\/wp-content\/uploads\/2012\/04\/Marcelu-Ferraz-Inv12-04.jpg?resize=456%2C717\" alt=\"\" width=\"456\" height=\"717\" data-recalc-dims=\"1\" \/><\/a><\/p>\n<p style=\"text-align: center\"><a class=\"lightbox\" title=\"Marcelu-Ferraz-Inv12-02\" href=\"https:\/\/i0.wp.com\/www.agrund.com\/wp-content\/uploads\/2012\/04\/Marcelu-Ferraz-Inv12-02.jpg\"><img decoding=\"async\" loading=\"lazy\" class=\"aligncenter  wp-image-28220\" title=\"Marcelu-Ferraz-Inv12-02\" src=\"https:\/\/i0.wp.com\/www.agrund.com\/wp-content\/uploads\/2012\/04\/Marcelu-Ferraz-Inv12-02.jpg?resize=456%2C717\" alt=\"\" width=\"456\" height=\"717\" data-recalc-dims=\"1\" \/><\/a><\/p>\n<p style=\"text-align: center\"><a class=\"lightbox\" title=\"Marcelu-Ferraz-Inv12-01\" href=\"https:\/\/i0.wp.com\/www.agrund.com\/wp-content\/uploads\/2012\/04\/Marcelu-Ferraz-Inv12-01.jpg\"><img decoding=\"async\" loading=\"lazy\" class=\"aligncenter  wp-image-28219\" title=\"Marcelu-Ferraz-Inv12-01\" src=\"https:\/\/i0.wp.com\/www.agrund.com\/wp-content\/uploads\/2012\/04\/Marcelu-Ferraz-Inv12-01.jpg?resize=456%2C717\" alt=\"\" width=\"456\" height=\"717\" data-recalc-dims=\"1\" \/><\/a><\/p>\n<p>&nbsp;<\/p>\n<p>&nbsp;<\/p>\n<p>Imagens: Reprodu\u00e7\u00e3o.<\/p>\n<p>&nbsp;<\/p>\n<p><a href=\"http:\/\/www.agrund.com\/category\/moda-masculina-por-fabio-paiva\/\">Veja outras mat\u00e9rias de Moda Masculina por F\u00e1bio Paiva<\/a><\/p>\n<p><a href=\"http:\/\/www.agrund.com\/category\/moda-masculina-por-fabio-paiva\/\"><img decoding=\"async\" loading=\"lazy\" src=\"https:\/\/i0.wp.com\/www.agrund.com\/wp-content\/themes\/FashionPlus\/images\/topo_moda_masculina.jpg?resize=618%2C113\" alt=\"Moda Masculina\" width=\"618\" height=\"113\" data-recalc-dims=\"1\" \/><\/a><\/p>\n","protected":false},"excerpt":{"rendered":"<p>O estilista Marcelu Ferraz , chamou Tico Santa Cruz para fotografar sua campanha de inverno 2012. A cole\u00e7\u00e3o tem muito do universo navarro, com franjas, cores e estampas \u00e9tnicas, mesclando com elementos punk, , como o preto, tachas, spikes e tatuagens. especialidade da marca. O que me chamou a aten\u00e7\u00e3o foi um terno(blazer,colete e cal\u00e7a) [&hellip;]<\/p>\n","protected":false},"author":8,"featured_media":28218,"comment_status":"open","ping_status":"open","sticky":false,"template":"","format":"standard","meta":{"jetpack_post_was_ever_published":false,"_jetpack_newsletter_access":"","jetpack_publicize_message":"","jetpack_is_tweetstorm":false,"jetpack_publicize_feature_enabled":true,"jetpack_social_post_already_shared":false,"jetpack_social_options":{"image_generator_settings":{"template":"highway","enabled":false}}},"categories":[6],"tags":[],"jetpack_publicize_connections":[],"jetpack_featured_media_url":"","jetpack_sharing_enabled":true,"jetpack_shortlink":"https:\/\/wp.me\/p3Hz0n-7l7","jetpack_likes_enabled":true,"_links":{"self":[{"href":"https:\/\/agrund.com\/index.php\/wp-json\/wp\/v2\/posts\/28217"}],"collection":[{"href":"https:\/\/agrund.com\/index.php\/wp-json\/wp\/v2\/posts"}],"about":[{"href":"https:\/\/agrund.com\/index.php\/wp-json\/wp\/v2\/types\/post"}],"author":[{"embeddable":true,"href":"https:\/\/agrund.com\/index.php\/wp-json\/wp\/v2\/users\/8"}],"replies":[{"embeddable":true,"href":"https:\/\/agrund.com\/index.php\/wp-json\/wp\/v2\/comments?post=28217"}],"version-history":[{"count":0,"href":"https:\/\/agrund.com\/index.php\/wp-json\/wp\/v2\/posts\/28217\/revisions"}],"wp:featuredmedia":[{"embeddable":true,"href":"https:\/\/agrund.com\/index.php\/wp-json\/"}],"wp:attachment":[{"href":"https:\/\/agrund.com\/index.php\/wp-json\/wp\/v2\/media?parent=28217"}],"wp:term":[{"taxonomy":"category","embeddable":true,"href":"https:\/\/agrund.com\/index.php\/wp-json\/wp\/v2\/categories?post=28217"},{"taxonomy":"post_tag","embeddable":true,"href":"https:\/\/agrund.com\/index.php\/wp-json\/wp\/v2\/tags?post=28217"}],"curies":[{"name":"wp","href":"https:\/\/api.w.org\/{rel}","templated":true}]}}